{"id":9376,"date":"2025-01-11T23:35:40","date_gmt":"2025-01-11T22:35:40","guid":{"rendered":"https:\/\/wgphoto.pl\/t\/?p=9376"},"modified":"2025-01-11T23:35:40","modified_gmt":"2025-01-11T22:35:40","slug":"most-wolnosci-o-2000","status":"publish","type":"post","link":"https:\/\/wgphoto.pl\/t\/?p=9376","title":{"rendered":"Most Wolno\u015bci o 20:00"},"content":{"rendered":"\n<figure class=\"wp-block-image aligncenter size-full\"><img loading=\"lazy\" decoding=\"async\" width=\"1300\" height=\"861\" src=\"https:\/\/wgphoto.pl\/t\/wp-content\/uploads\/2025\/01\/IMGP5327.jpg\" alt=\"\" class=\"wp-image-9377\" srcset=\"https:\/\/wgphoto.pl\/t\/wp-content\/uploads\/2025\/01\/IMGP5327.jpg 1300w, https:\/\/wgphoto.pl\/t\/wp-content\/uploads\/2025\/01\/IMGP5327-300x199.jpg 300w, https:\/\/wgphoto.pl\/t\/wp-content\/uploads\/2025\/01\/IMGP5327-768x509.jpg 768w\" sizes=\"auto, (max-width: 1300px) 100vw, 1300px\" \/><\/figure>\n\n\n\n<div class=\"wp-block-group has-global-padding is-layout-constrained wp-block-group-is-layout-constrained\">\n<p>Budapeszt, Szabads\u00e1g h\u00edd. Zaistnia\u0142o tu ju\u017c kiedy\u015b podobne foto, ale nie w tak pi\u0119knym \u015bwietle zachodz\u0105cego s\u0142o\u0144ca. 2014-06-18<\/p>\n<\/div>\n","protected":false},"excerpt":{"rendered":"<p>Budapeszt, Szabads\u00e1g h\u00edd. Zaistnia\u0142o tu ju\u017c kiedy\u015b podobne foto, ale nie w tak pi\u0119knym \u015bwietle zachodz\u0105cego s\u0142o\u0144ca. 2014-06-18<\/p>\n","protected":false},"author":1,"featured_media":9377,"comment_status":"open","ping_status":"","sticky":false,"template":"","format":"standard","meta":{"footnotes":""},"categories":[48,3],"tags":[148,147,144,699,113,45,105],"class_list":["post-9376","post","type-post","status-publish","format-standard","has-post-thumbnail","hentry","category-rok-2014","category-tramwaj","tag-2014-06-18","tag-bkv-budapest","tag-budapeszt","tag-ganz-csmg2","tag-landszaft","tag-most","tag-wegry"],"_links":{"self":[{"href":"https:\/\/wgphoto.pl\/t\/index.php?rest_route=\/wp\/v2\/posts\/9376","targetHints":{"allow":["GET"]}}],"collection":[{"href":"https:\/\/wgphoto.pl\/t\/index.php?rest_route=\/wp\/v2\/posts"}],"about":[{"href":"https:\/\/wgphoto.pl\/t\/index.php?rest_route=\/wp\/v2\/types\/post"}],"author":[{"embeddable":true,"href":"https:\/\/wgphoto.pl\/t\/index.php?rest_route=\/wp\/v2\/users\/1"}],"replies":[{"embeddable":true,"href":"https:\/\/wgphoto.pl\/t\/index.php?rest_route=%2Fwp%2Fv2%2Fcomments&post=9376"}],"version-history":[{"count":1,"href":"https:\/\/wgphoto.pl\/t\/index.php?rest_route=\/wp\/v2\/posts\/9376\/revisions"}],"predecessor-version":[{"id":9378,"href":"https:\/\/wgphoto.pl\/t\/index.php?rest_route=\/wp\/v2\/posts\/9376\/revisions\/9378"}],"wp:featuredmedia":[{"embeddable":true,"href":"https:\/\/wgphoto.pl\/t\/index.php?rest_route=\/wp\/v2\/media\/9377"}],"wp:attachment":[{"href":"https:\/\/wgphoto.pl\/t\/index.php?rest_route=%2Fwp%2Fv2%2Fmedia&parent=9376"}],"wp:term":[{"taxonomy":"category","embeddable":true,"href":"https:\/\/wgphoto.pl\/t\/index.php?rest_route=%2Fwp%2Fv2%2Fcategories&post=9376"},{"taxonomy":"post_tag","embeddable":true,"href":"https:\/\/wgphoto.pl\/t\/index.php?rest_route=%2Fwp%2Fv2%2Ftags&post=9376"}],"curies":[{"name":"wp","href":"https:\/\/api.w.org\/{rel}","templated":true}]}}