{"id":9379,"date":"2025-01-11T23:37:13","date_gmt":"2025-01-11T22:37:13","guid":{"rendered":"https:\/\/wgphoto.pl\/t\/?p=9379"},"modified":"2025-01-11T23:37:13","modified_gmt":"2025-01-11T22:37:13","slug":"most-wolnosci-o-2011","status":"publish","type":"post","link":"https:\/\/wgphoto.pl\/t\/?p=9379","title":{"rendered":"Most Wolno\u015bci o 20:11"},"content":{"rendered":"\n<figure class=\"wp-block-image aligncenter size-full\"><img loading=\"lazy\" decoding=\"async\" width=\"1075\" height=\"700\" src=\"https:\/\/wgphoto.pl\/t\/wp-content\/uploads\/2025\/01\/IMGP5337.jpg\" alt=\"\" class=\"wp-image-9380\" srcset=\"https:\/\/wgphoto.pl\/t\/wp-content\/uploads\/2025\/01\/IMGP5337.jpg 1075w, https:\/\/wgphoto.pl\/t\/wp-content\/uploads\/2025\/01\/IMGP5337-300x195.jpg 300w, https:\/\/wgphoto.pl\/t\/wp-content\/uploads\/2025\/01\/IMGP5337-768x500.jpg 768w\" sizes=\"auto, (max-width: 1075px) 100vw, 1075px\" \/><\/figure>\n\n\n\n<div class=\"wp-block-group has-global-padding is-layout-constrained wp-block-group-is-layout-constrained\">\n<p>Budapeszt, Szabads\u00e1g h\u00edd. Ganz wprawia w drgania stalow\u0105 konstrukcj\u0119 jad\u0105c z Budy do Pesztu. Fotografuj\u0105c takie plenery mo\u017cna poczyni\u0107 obserwacje w zakresie szybko\u015bci ruchu s\u0142o\u0144ca oraz zmian o\u015bwietlenia z tym faktem zwi\u0105zanych. 18.06.2014<\/p>\n<\/div>\n","protected":false},"excerpt":{"rendered":"<p>Budapeszt, Szabads\u00e1g h\u00edd. Ganz wprawia w drgania stalow\u0105 konstrukcj\u0119 jad\u0105c z Budy do Pesztu. Fotografuj\u0105c takie plenery mo\u017cna poczyni\u0107 obserwacje w zakresie szybko\u015bci ruchu s\u0142o\u0144ca oraz zmian o\u015bwietlenia z tym faktem zwi\u0105zanych. 18.06.2014<\/p>\n","protected":false},"author":1,"featured_media":9380,"comment_status":"open","ping_status":"","sticky":false,"template":"","format":"standard","meta":{"footnotes":""},"categories":[48,3],"tags":[148,147,144,699,113,45,105],"class_list":["post-9379","post","type-post","status-publish","format-standard","has-post-thumbnail","hentry","category-rok-2014","category-tramwaj","tag-2014-06-18","tag-bkv-budapest","tag-budapeszt","tag-ganz-csmg2","tag-landszaft","tag-most","tag-wegry"],"_links":{"self":[{"href":"https:\/\/wgphoto.pl\/t\/index.php?rest_route=\/wp\/v2\/posts\/9379","targetHints":{"allow":["GET"]}}],"collection":[{"href":"https:\/\/wgphoto.pl\/t\/index.php?rest_route=\/wp\/v2\/posts"}],"about":[{"href":"https:\/\/wgphoto.pl\/t\/index.php?rest_route=\/wp\/v2\/types\/post"}],"author":[{"embeddable":true,"href":"https:\/\/wgphoto.pl\/t\/index.php?rest_route=\/wp\/v2\/users\/1"}],"replies":[{"embeddable":true,"href":"https:\/\/wgphoto.pl\/t\/index.php?rest_route=%2Fwp%2Fv2%2Fcomments&post=9379"}],"version-history":[{"count":1,"href":"https:\/\/wgphoto.pl\/t\/index.php?rest_route=\/wp\/v2\/posts\/9379\/revisions"}],"predecessor-version":[{"id":9381,"href":"https:\/\/wgphoto.pl\/t\/index.php?rest_route=\/wp\/v2\/posts\/9379\/revisions\/9381"}],"wp:featuredmedia":[{"embeddable":true,"href":"https:\/\/wgphoto.pl\/t\/index.php?rest_route=\/wp\/v2\/media\/9380"}],"wp:attachment":[{"href":"https:\/\/wgphoto.pl\/t\/index.php?rest_route=%2Fwp%2Fv2%2Fmedia&parent=9379"}],"wp:term":[{"taxonomy":"category","embeddable":true,"href":"https:\/\/wgphoto.pl\/t\/index.php?rest_route=%2Fwp%2Fv2%2Fcategories&post=9379"},{"taxonomy":"post_tag","embeddable":true,"href":"https:\/\/wgphoto.pl\/t\/index.php?rest_route=%2Fwp%2Fv2%2Ftags&post=9379"}],"curies":[{"name":"wp","href":"https:\/\/api.w.org\/{rel}","templated":true}]}}