{"id":9401,"date":"2025-01-11T23:47:42","date_gmt":"2025-01-11T22:47:42","guid":{"rendered":"https:\/\/wgphoto.pl\/t\/?p=9401"},"modified":"2025-01-11T23:47:42","modified_gmt":"2025-01-11T22:47:42","slug":"szesc-godzin-na-dermie-lub-plastiku","status":"publish","type":"post","link":"https:\/\/wgphoto.pl\/t\/?p=9401","title":{"rendered":"Sze\u015b\u0107 godzin na dermie lub plastiku"},"content":{"rendered":"\n<figure class=\"wp-block-image aligncenter size-full\"><img loading=\"lazy\" decoding=\"async\" width=\"1000\" height=\"650\" src=\"https:\/\/wgphoto.pl\/t\/wp-content\/uploads\/2025\/01\/0739-05a.jpg\" alt=\"\" class=\"wp-image-9402\" srcset=\"https:\/\/wgphoto.pl\/t\/wp-content\/uploads\/2025\/01\/0739-05a.jpg 1000w, https:\/\/wgphoto.pl\/t\/wp-content\/uploads\/2025\/01\/0739-05a-300x195.jpg 300w, https:\/\/wgphoto.pl\/t\/wp-content\/uploads\/2025\/01\/0739-05a-768x499.jpg 768w\" sizes=\"auto, (max-width: 1000px) 100vw, 1000px\" \/><\/figure>\n\n\n\n<div class=\"wp-block-group has-global-padding is-layout-constrained wp-block-group-is-layout-constrained\">\n<p>EN57-1782 jako poci\u0105g osobowy z Jeleniej G\u00f3ry wyje\u017cd\u017caj\u0105c z Marciszowa ma przed sob\u0105 jeszcze wiele kilometr\u00f3w do stacji docelowej, kt\u00f3r\u0105 jest Ostr\u00f3w Wielkopolski. 2007-12-26<\/p>\n<\/div>\n","protected":false},"excerpt":{"rendered":"<p>EN57-1782 jako poci\u0105g osobowy z Jeleniej G\u00f3ry wyje\u017cd\u017caj\u0105c z Marciszowa ma przed sob\u0105 jeszcze wiele kilometr\u00f3w do stacji docelowej, kt\u00f3r\u0105 jest Ostr\u00f3w Wielkopolski. 2007-12-26<\/p>\n","protected":false},"author":1,"featured_media":9402,"comment_status":"open","ping_status":"","sticky":false,"template":"","format":"standard","meta":{"footnotes":""},"categories":[62,2,96],"tags":[2899,132,83,63,27,200],"class_list":["post-9401","post","type-post","status-publish","format-standard","has-post-thumbnail","hentry","category-analog","category-kolej","category-rok-2007","tag-2007-12-26","tag-en57","tag-marciszow","tag-pkp","tag-polska","tag-tab-pl240"],"_links":{"self":[{"href":"https:\/\/wgphoto.pl\/t\/index.php?rest_route=\/wp\/v2\/posts\/9401","targetHints":{"allow":["GET"]}}],"collection":[{"href":"https:\/\/wgphoto.pl\/t\/index.php?rest_route=\/wp\/v2\/posts"}],"about":[{"href":"https:\/\/wgphoto.pl\/t\/index.php?rest_route=\/wp\/v2\/types\/post"}],"author":[{"embeddable":true,"href":"https:\/\/wgphoto.pl\/t\/index.php?rest_route=\/wp\/v2\/users\/1"}],"replies":[{"embeddable":true,"href":"https:\/\/wgphoto.pl\/t\/index.php?rest_route=%2Fwp%2Fv2%2Fcomments&post=9401"}],"version-history":[{"count":1,"href":"https:\/\/wgphoto.pl\/t\/index.php?rest_route=\/wp\/v2\/posts\/9401\/revisions"}],"predecessor-version":[{"id":9403,"href":"https:\/\/wgphoto.pl\/t\/index.php?rest_route=\/wp\/v2\/posts\/9401\/revisions\/9403"}],"wp:featuredmedia":[{"embeddable":true,"href":"https:\/\/wgphoto.pl\/t\/index.php?rest_route=\/wp\/v2\/media\/9402"}],"wp:attachment":[{"href":"https:\/\/wgphoto.pl\/t\/index.php?rest_route=%2Fwp%2Fv2%2Fmedia&parent=9401"}],"wp:term":[{"taxonomy":"category","embeddable":true,"href":"https:\/\/wgphoto.pl\/t\/index.php?rest_route=%2Fwp%2Fv2%2Fcategories&post=9401"},{"taxonomy":"post_tag","embeddable":true,"href":"https:\/\/wgphoto.pl\/t\/index.php?rest_route=%2Fwp%2Fv2%2Ftags&post=9401"}],"curies":[{"name":"wp","href":"https:\/\/api.w.org\/{rel}","templated":true}]}}