{"id":9404,"date":"2025-01-11T23:48:51","date_gmt":"2025-01-11T22:48:51","guid":{"rendered":"https:\/\/wgphoto.pl\/t\/?p=9404"},"modified":"2025-01-11T23:48:51","modified_gmt":"2025-01-11T22:48:51","slug":"bonanzy-w-pospiesznym","status":"publish","type":"post","link":"https:\/\/wgphoto.pl\/t\/?p=9404","title":{"rendered":"Bonanzy w pospiesznym"},"content":{"rendered":"\n<figure class=\"wp-block-image aligncenter size-full\"><img loading=\"lazy\" decoding=\"async\" width=\"1000\" height=\"650\" src=\"https:\/\/wgphoto.pl\/t\/wp-content\/uploads\/2025\/01\/0338-15.jpg\" alt=\"\" class=\"wp-image-9405\" srcset=\"https:\/\/wgphoto.pl\/t\/wp-content\/uploads\/2025\/01\/0338-15.jpg 1000w, https:\/\/wgphoto.pl\/t\/wp-content\/uploads\/2025\/01\/0338-15-300x195.jpg 300w, https:\/\/wgphoto.pl\/t\/wp-content\/uploads\/2025\/01\/0338-15-768x499.jpg 768w\" sizes=\"auto, (max-width: 1000px) 100vw, 1000px\" \/><\/figure>\n\n\n\n<div class=\"wp-block-group has-global-padding is-layout-constrained wp-block-group-is-layout-constrained\">\n<p>Marcisz\u00f3w &#8211; S\u0119dzis\u0142aw. EU07-468 prowadzi &#8211; wbrew zestawieniu sk\u0142adu &#8211; poci\u0105g pospieszny 63100 &#8222;\u015anie\u017cka&#8221; rel. Jelenia G\u00f3ra &#8211; Krak\u00f3w G\u0142. Do\u0142em kadru przep\u0142ywa B\u00f3br. 2003-11-22<\/p>\n<\/div>\n","protected":false},"excerpt":{"rendered":"<p>Marcisz\u00f3w &#8211; S\u0119dzis\u0142aw. EU07-468 prowadzi &#8211; wbrew zestawieniu sk\u0142adu &#8211; poci\u0105g pospieszny 63100 &#8222;\u015anie\u017cka&#8221; rel. Jelenia G\u00f3ra &#8211; Krak\u00f3w G\u0142. Do\u0142em kadru przep\u0142ywa B\u00f3br. 2003-11-22<\/p>\n","protected":false},"author":1,"featured_media":9405,"comment_status":"open","ping_status":"","sticky":false,"template":"","format":"standard","meta":{"footnotes":""},"categories":[62,2,149],"tags":[1854,122,83,1171,63,27,1061,200],"class_list":["post-9404","post","type-post","status-publish","format-standard","has-post-thumbnail","hentry","category-analog","category-kolej","category-rok-2003","tag-2003-11-22","tag-eu07","tag-marciszow","tag-marciszow-gorny","tag-pkp","tag-polska","tag-sedzislaw","tag-tab-pl240"],"_links":{"self":[{"href":"https:\/\/wgphoto.pl\/t\/index.php?rest_route=\/wp\/v2\/posts\/9404","targetHints":{"allow":["GET"]}}],"collection":[{"href":"https:\/\/wgphoto.pl\/t\/index.php?rest_route=\/wp\/v2\/posts"}],"about":[{"href":"https:\/\/wgphoto.pl\/t\/index.php?rest_route=\/wp\/v2\/types\/post"}],"author":[{"embeddable":true,"href":"https:\/\/wgphoto.pl\/t\/index.php?rest_route=\/wp\/v2\/users\/1"}],"replies":[{"embeddable":true,"href":"https:\/\/wgphoto.pl\/t\/index.php?rest_route=%2Fwp%2Fv2%2Fcomments&post=9404"}],"version-history":[{"count":1,"href":"https:\/\/wgphoto.pl\/t\/index.php?rest_route=\/wp\/v2\/posts\/9404\/revisions"}],"predecessor-version":[{"id":9406,"href":"https:\/\/wgphoto.pl\/t\/index.php?rest_route=\/wp\/v2\/posts\/9404\/revisions\/9406"}],"wp:featuredmedia":[{"embeddable":true,"href":"https:\/\/wgphoto.pl\/t\/index.php?rest_route=\/wp\/v2\/media\/9405"}],"wp:attachment":[{"href":"https:\/\/wgphoto.pl\/t\/index.php?rest_route=%2Fwp%2Fv2%2Fmedia&parent=9404"}],"wp:term":[{"taxonomy":"category","embeddable":true,"href":"https:\/\/wgphoto.pl\/t\/index.php?rest_route=%2Fwp%2Fv2%2Fcategories&post=9404"},{"taxonomy":"post_tag","embeddable":true,"href":"https:\/\/wgphoto.pl\/t\/index.php?rest_route=%2Fwp%2Fv2%2Ftags&post=9404"}],"curies":[{"name":"wp","href":"https:\/\/api.w.org\/{rel}","templated":true}]}}