{"id":9425,"date":"2025-01-11T23:58:31","date_gmt":"2025-01-11T22:58:31","guid":{"rendered":"https:\/\/wgphoto.pl\/t\/?p=9425"},"modified":"2025-01-11T23:58:31","modified_gmt":"2025-01-11T22:58:31","slug":"po-imprezie","status":"publish","type":"post","link":"https:\/\/wgphoto.pl\/t\/?p=9425","title":{"rendered":"Po imprezie"},"content":{"rendered":"\n<figure class=\"wp-block-image aligncenter size-full\"><img loading=\"lazy\" decoding=\"async\" width=\"1050\" height=\"700\" src=\"https:\/\/wgphoto.pl\/t\/wp-content\/uploads\/2025\/01\/IMGP9169.jpg\" alt=\"\" class=\"wp-image-9426\" srcset=\"https:\/\/wgphoto.pl\/t\/wp-content\/uploads\/2025\/01\/IMGP9169.jpg 1050w, https:\/\/wgphoto.pl\/t\/wp-content\/uploads\/2025\/01\/IMGP9169-300x200.jpg 300w, https:\/\/wgphoto.pl\/t\/wp-content\/uploads\/2025\/01\/IMGP9169-768x512.jpg 768w\" sizes=\"auto, (max-width: 1050px) 100vw, 1050px\" \/><\/figure>\n\n\n\n<div class=\"wp-block-group has-global-padding is-layout-constrained wp-block-group-is-layout-constrained\">\n<p>Skoro ju\u017c przy \u0160kodach 16T jeste\u015bmy, pod koniec (jak dotychczas) mojej jazdy takimi pojazdami planista uraczy\u0142 mnie przewozem go\u015bci weselnych. Tutaj wagon z\u0142apany jest na bramie macierzystej zajezdni po zako\u0144czeniu &#8222;imprezy&#8221;. 03.08.2012<\/p>\n<\/div>\n","protected":false},"excerpt":{"rendered":"<p>Skoro ju\u017c przy \u0160kodach 16T jeste\u015bmy, pod koniec (jak dotychczas) mojej jazdy takimi pojazdami planista uraczy\u0142 mnie przewozem go\u015bci weselnych. Tutaj wagon z\u0142apany jest na bramie macierzystej zajezdni po zako\u0144czeniu &#8222;imprezy&#8221;. 03.08.2012<\/p>\n","protected":false},"author":1,"featured_media":9426,"comment_status":"open","ping_status":"","sticky":false,"template":"","format":"standard","meta":{"footnotes":""},"categories":[46,3],"tags":[2901,42,27,215,216,439,41],"class_list":["post-9425","post","type-post","status-publish","format-standard","has-post-thumbnail","hentry","category-rok-2012","category-tramwaj","tag-2012-08-03","tag-mpk-wroclaw","tag-polska","tag-skoda-16t","tag-skoda-elektra","tag-we-fabryce","tag-wroclaw"],"_links":{"self":[{"href":"https:\/\/wgphoto.pl\/t\/index.php?rest_route=\/wp\/v2\/posts\/9425","targetHints":{"allow":["GET"]}}],"collection":[{"href":"https:\/\/wgphoto.pl\/t\/index.php?rest_route=\/wp\/v2\/posts"}],"about":[{"href":"https:\/\/wgphoto.pl\/t\/index.php?rest_route=\/wp\/v2\/types\/post"}],"author":[{"embeddable":true,"href":"https:\/\/wgphoto.pl\/t\/index.php?rest_route=\/wp\/v2\/users\/1"}],"replies":[{"embeddable":true,"href":"https:\/\/wgphoto.pl\/t\/index.php?rest_route=%2Fwp%2Fv2%2Fcomments&post=9425"}],"version-history":[{"count":1,"href":"https:\/\/wgphoto.pl\/t\/index.php?rest_route=\/wp\/v2\/posts\/9425\/revisions"}],"predecessor-version":[{"id":9427,"href":"https:\/\/wgphoto.pl\/t\/index.php?rest_route=\/wp\/v2\/posts\/9425\/revisions\/9427"}],"wp:featuredmedia":[{"embeddable":true,"href":"https:\/\/wgphoto.pl\/t\/index.php?rest_route=\/wp\/v2\/media\/9426"}],"wp:attachment":[{"href":"https:\/\/wgphoto.pl\/t\/index.php?rest_route=%2Fwp%2Fv2%2Fmedia&parent=9425"}],"wp:term":[{"taxonomy":"category","embeddable":true,"href":"https:\/\/wgphoto.pl\/t\/index.php?rest_route=%2Fwp%2Fv2%2Fcategories&post=9425"},{"taxonomy":"post_tag","embeddable":true,"href":"https:\/\/wgphoto.pl\/t\/index.php?rest_route=%2Fwp%2Fv2%2Ftags&post=9425"}],"curies":[{"name":"wp","href":"https:\/\/api.w.org\/{rel}","templated":true}]}}