{"id":9437,"date":"2025-01-12T00:08:43","date_gmt":"2025-01-11T23:08:43","guid":{"rendered":"https:\/\/wgphoto.pl\/t\/?p=9437"},"modified":"2025-01-12T00:08:43","modified_gmt":"2025-01-11T23:08:43","slug":"wielki-wezel-przesiadkowy","status":"publish","type":"post","link":"https:\/\/wgphoto.pl\/t\/?p=9437","title":{"rendered":"Wielki w\u0119ze\u0142 przesiadkowy"},"content":{"rendered":"\n<figure class=\"wp-block-image aligncenter size-full\"><img loading=\"lazy\" decoding=\"async\" width=\"1300\" height=\"861\" src=\"https:\/\/wgphoto.pl\/t\/wp-content\/uploads\/2025\/01\/IMGP5975.jpg\" alt=\"\" class=\"wp-image-9438\" srcset=\"https:\/\/wgphoto.pl\/t\/wp-content\/uploads\/2025\/01\/IMGP5975.jpg 1300w, https:\/\/wgphoto.pl\/t\/wp-content\/uploads\/2025\/01\/IMGP5975-300x199.jpg 300w, https:\/\/wgphoto.pl\/t\/wp-content\/uploads\/2025\/01\/IMGP5975-768x509.jpg 768w\" sizes=\"auto, (max-width: 1300px) 100vw, 1300px\" \/><\/figure>\n\n\n\n<div class=\"wp-block-group has-global-padding is-layout-constrained wp-block-group-is-layout-constrained\">\n<p>Debreczyn, Pet\u0151fi t\u00e9r, w\u0119ze\u0142 Nagy\u00e1llom\u00e1s. Nazwa p\u0119tli tramwajowo &#8211; autobusowej na przeddworcowym placu znaczy mniej wi\u0119cej tyle co w tytule. Na samej za\u015b p\u0119tli zbudowano dwa tory odjazdowe, po jednym dla ka\u017cdej linii tramwajowej. Tor przeznaczony dla jedynki jest pusty, gdy\u017c linia ta w czasie mojego pobytu nie kursowa\u0142a, o czym mo\u017cna si\u0119 by\u0142o dowiedzie\u0107 z rozwieszonych licznie w pojazdach komunikat\u00f3w, a tak\u017ce od mobilnych informator\u00f3w (to ten cz\u0142owiek w kamizelce). 2014-06-20<\/p>\n<\/div>\n","protected":false},"excerpt":{"rendered":"<p>Debreczyn, Pet\u0151fi t\u00e9r, w\u0119ze\u0142 Nagy\u00e1llom\u00e1s. Nazwa p\u0119tli tramwajowo &#8211; autobusowej na przeddworcowym placu znaczy mniej wi\u0119cej tyle co w tytule. Na samej za\u015b p\u0119tli zbudowano dwa tory odjazdowe, po jednym dla ka\u017cdej linii tramwajowej. Tor przeznaczony dla jedynki jest pusty, gdy\u017c linia ta w czasie mojego pobytu nie kursowa\u0142a, o czym mo\u017cna si\u0119 by\u0142o dowiedzie\u0107 [&hellip;]<\/p>\n","protected":false},"author":1,"featured_media":9438,"comment_status":"open","ping_status":"","sticky":false,"template":"","format":"standard","meta":{"footnotes":""},"categories":[48,3],"tags":[2189,157,2190,2808,173,154,219,105],"class_list":["post-9437","post","type-post","status-publish","format-standard","has-post-thumbnail","hentry","category-rok-2014","category-tramwaj","tag-2014-06-20","tag-caf-urbos","tag-debreczyn","tag-dkv-debrecen","tag-koncowki","tag-noc","tag-przystanek","tag-wegry"],"_links":{"self":[{"href":"https:\/\/wgphoto.pl\/t\/index.php?rest_route=\/wp\/v2\/posts\/9437","targetHints":{"allow":["GET"]}}],"collection":[{"href":"https:\/\/wgphoto.pl\/t\/index.php?rest_route=\/wp\/v2\/posts"}],"about":[{"href":"https:\/\/wgphoto.pl\/t\/index.php?rest_route=\/wp\/v2\/types\/post"}],"author":[{"embeddable":true,"href":"https:\/\/wgphoto.pl\/t\/index.php?rest_route=\/wp\/v2\/users\/1"}],"replies":[{"embeddable":true,"href":"https:\/\/wgphoto.pl\/t\/index.php?rest_route=%2Fwp%2Fv2%2Fcomments&post=9437"}],"version-history":[{"count":1,"href":"https:\/\/wgphoto.pl\/t\/index.php?rest_route=\/wp\/v2\/posts\/9437\/revisions"}],"predecessor-version":[{"id":9439,"href":"https:\/\/wgphoto.pl\/t\/index.php?rest_route=\/wp\/v2\/posts\/9437\/revisions\/9439"}],"wp:featuredmedia":[{"embeddable":true,"href":"https:\/\/wgphoto.pl\/t\/index.php?rest_route=\/wp\/v2\/media\/9438"}],"wp:attachment":[{"href":"https:\/\/wgphoto.pl\/t\/index.php?rest_route=%2Fwp%2Fv2%2Fmedia&parent=9437"}],"wp:term":[{"taxonomy":"category","embeddable":true,"href":"https:\/\/wgphoto.pl\/t\/index.php?rest_route=%2Fwp%2Fv2%2Fcategories&post=9437"},{"taxonomy":"post_tag","embeddable":true,"href":"https:\/\/wgphoto.pl\/t\/index.php?rest_route=%2Fwp%2Fv2%2Ftags&post=9437"}],"curies":[{"name":"wp","href":"https:\/\/api.w.org\/{rel}","templated":true}]}}