{"id":9446,"date":"2025-01-12T11:36:23","date_gmt":"2025-01-12T10:36:23","guid":{"rendered":"https:\/\/wgphoto.pl\/t\/?p=9446"},"modified":"2025-01-12T11:36:23","modified_gmt":"2025-01-12T10:36:23","slug":"walbrzych-glowny","status":"publish","type":"post","link":"https:\/\/wgphoto.pl\/t\/?p=9446","title":{"rendered":"Wa\u0142brzych G\u0142\u00f3wny"},"content":{"rendered":"\n<figure class=\"wp-block-image aligncenter size-full\"><img loading=\"lazy\" decoding=\"async\" width=\"1000\" height=\"650\" src=\"https:\/\/wgphoto.pl\/t\/wp-content\/uploads\/2025\/01\/0402-08.jpg\" alt=\"\" class=\"wp-image-9447\" srcset=\"https:\/\/wgphoto.pl\/t\/wp-content\/uploads\/2025\/01\/0402-08.jpg 1000w, https:\/\/wgphoto.pl\/t\/wp-content\/uploads\/2025\/01\/0402-08-300x195.jpg 300w, https:\/\/wgphoto.pl\/t\/wp-content\/uploads\/2025\/01\/0402-08-768x499.jpg 768w\" sizes=\"auto, (max-width: 1000px) 100vw, 1000px\" \/><\/figure>\n\n\n\n<div class=\"wp-block-group has-global-padding is-layout-constrained wp-block-group-is-layout-constrained\">\n<p>SP32-210 manewruje po &#8222;k\u0142odzkiej&#8221; g\u0142owicy Wa\u0142brzycha G\u0142\u00f3wnego po przyprowadzeniu poci\u0105gu z poprzedniego zdj\u0119cia. 06.02.2004<\/p>\n<\/div>\n","protected":false},"excerpt":{"rendered":"<p>SP32-210 manewruje po &#8222;k\u0142odzkiej&#8221; g\u0142owicy Wa\u0142brzycha G\u0142\u00f3wnego po przyprowadzeniu poci\u0105gu z poprzedniego zdj\u0119cia. 06.02.2004<\/p>\n","protected":false},"author":1,"featured_media":9447,"comment_status":"open","ping_status":"","sticky":false,"template":"","format":"standard","meta":{"footnotes":""},"categories":[62,2,61],"tags":[2021,63,27,385,391,1101],"class_list":["post-9446","post","type-post","status-publish","format-standard","has-post-thumbnail","hentry","category-analog","category-kolej","category-rok-2004","tag-2004-02-06","tag-pkp","tag-polska","tag-sp32","tag-tab-pl245","tag-walbrzych-glowny"],"_links":{"self":[{"href":"https:\/\/wgphoto.pl\/t\/index.php?rest_route=\/wp\/v2\/posts\/9446","targetHints":{"allow":["GET"]}}],"collection":[{"href":"https:\/\/wgphoto.pl\/t\/index.php?rest_route=\/wp\/v2\/posts"}],"about":[{"href":"https:\/\/wgphoto.pl\/t\/index.php?rest_route=\/wp\/v2\/types\/post"}],"author":[{"embeddable":true,"href":"https:\/\/wgphoto.pl\/t\/index.php?rest_route=\/wp\/v2\/users\/1"}],"replies":[{"embeddable":true,"href":"https:\/\/wgphoto.pl\/t\/index.php?rest_route=%2Fwp%2Fv2%2Fcomments&post=9446"}],"version-history":[{"count":1,"href":"https:\/\/wgphoto.pl\/t\/index.php?rest_route=\/wp\/v2\/posts\/9446\/revisions"}],"predecessor-version":[{"id":9448,"href":"https:\/\/wgphoto.pl\/t\/index.php?rest_route=\/wp\/v2\/posts\/9446\/revisions\/9448"}],"wp:featuredmedia":[{"embeddable":true,"href":"https:\/\/wgphoto.pl\/t\/index.php?rest_route=\/wp\/v2\/media\/9447"}],"wp:attachment":[{"href":"https:\/\/wgphoto.pl\/t\/index.php?rest_route=%2Fwp%2Fv2%2Fmedia&parent=9446"}],"wp:term":[{"taxonomy":"category","embeddable":true,"href":"https:\/\/wgphoto.pl\/t\/index.php?rest_route=%2Fwp%2Fv2%2Fcategories&post=9446"},{"taxonomy":"post_tag","embeddable":true,"href":"https:\/\/wgphoto.pl\/t\/index.php?rest_route=%2Fwp%2Fv2%2Ftags&post=9446"}],"curies":[{"name":"wp","href":"https:\/\/api.w.org\/{rel}","templated":true}]}}