{"id":9449,"date":"2025-01-12T11:37:20","date_gmt":"2025-01-12T10:37:20","guid":{"rendered":"https:\/\/wgphoto.pl\/t\/?p=9449"},"modified":"2025-01-12T11:37:20","modified_gmt":"2025-01-12T10:37:20","slug":"sp32-210-na-dojezdzie-do-walbrzycha","status":"publish","type":"post","link":"https:\/\/wgphoto.pl\/t\/?p=9449","title":{"rendered":"SP32-210 na doje\u017adzie do Wa\u0142brzycha"},"content":{"rendered":"\n<figure class=\"wp-block-image aligncenter size-full\"><img loading=\"lazy\" decoding=\"async\" width=\"1000\" height=\"650\" src=\"https:\/\/wgphoto.pl\/t\/wp-content\/uploads\/2025\/01\/0402-07.jpg\" alt=\"\" class=\"wp-image-9450\" srcset=\"https:\/\/wgphoto.pl\/t\/wp-content\/uploads\/2025\/01\/0402-07.jpg 1000w, https:\/\/wgphoto.pl\/t\/wp-content\/uploads\/2025\/01\/0402-07-300x195.jpg 300w, https:\/\/wgphoto.pl\/t\/wp-content\/uploads\/2025\/01\/0402-07-768x499.jpg 768w\" sizes=\"auto, (max-width: 1000px) 100vw, 1000px\" \/><\/figure>\n\n\n\n<div class=\"wp-block-group has-global-padding is-layout-constrained wp-block-group-is-layout-constrained\">\n<p>Poci\u0105g osobowy 8035 z K\u0142odzka G\u0142\u00f3wnego, obs\u0142ugiwany obiegiem kamienieckim, za chwil\u0119 dotrze do stacji ko\u0144cowej &#8211; Wa\u0142brzycha G\u0142\u00f3wnego. Mia\u0142o by\u0107 foto na wyje\u017adzie z tunelu, ale kurs ten by\u0142 op\u00f3\u017aniony, a z powodu konieczno\u015bci z\u0142apania poci\u0105gu w kierunku Jeleniej G\u00f3ry musia\u0142em upatrzone miejsce opu\u015bci\u0107. W efekcie w trakcie odwrotu powsta\u0142o co\u015b takiego przypadkowego. 06.02.2004<\/p>\n<\/div>\n","protected":false},"excerpt":{"rendered":"<p>Poci\u0105g osobowy 8035 z K\u0142odzka G\u0142\u00f3wnego, obs\u0142ugiwany obiegiem kamienieckim, za chwil\u0119 dotrze do stacji ko\u0144cowej &#8211; Wa\u0142brzycha G\u0142\u00f3wnego. Mia\u0142o by\u0107 foto na wyje\u017adzie z tunelu, ale kurs ten by\u0142 op\u00f3\u017aniony, a z powodu konieczno\u015bci z\u0142apania poci\u0105gu w kierunku Jeleniej G\u00f3ry musia\u0142em upatrzone miejsce opu\u015bci\u0107. W efekcie w trakcie odwrotu powsta\u0142o co\u015b takiego przypadkowego. 06.02.2004<\/p>\n","protected":false},"author":1,"featured_media":9450,"comment_status":"open","ping_status":"","sticky":false,"template":"","format":"standard","meta":{"footnotes":""},"categories":[62,2,61],"tags":[2021,63,27,385,391,1101],"class_list":["post-9449","post","type-post","status-publish","format-standard","has-post-thumbnail","hentry","category-analog","category-kolej","category-rok-2004","tag-2004-02-06","tag-pkp","tag-polska","tag-sp32","tag-tab-pl245","tag-walbrzych-glowny"],"_links":{"self":[{"href":"https:\/\/wgphoto.pl\/t\/index.php?rest_route=\/wp\/v2\/posts\/9449","targetHints":{"allow":["GET"]}}],"collection":[{"href":"https:\/\/wgphoto.pl\/t\/index.php?rest_route=\/wp\/v2\/posts"}],"about":[{"href":"https:\/\/wgphoto.pl\/t\/index.php?rest_route=\/wp\/v2\/types\/post"}],"author":[{"embeddable":true,"href":"https:\/\/wgphoto.pl\/t\/index.php?rest_route=\/wp\/v2\/users\/1"}],"replies":[{"embeddable":true,"href":"https:\/\/wgphoto.pl\/t\/index.php?rest_route=%2Fwp%2Fv2%2Fcomments&post=9449"}],"version-history":[{"count":1,"href":"https:\/\/wgphoto.pl\/t\/index.php?rest_route=\/wp\/v2\/posts\/9449\/revisions"}],"predecessor-version":[{"id":9451,"href":"https:\/\/wgphoto.pl\/t\/index.php?rest_route=\/wp\/v2\/posts\/9449\/revisions\/9451"}],"wp:featuredmedia":[{"embeddable":true,"href":"https:\/\/wgphoto.pl\/t\/index.php?rest_route=\/wp\/v2\/media\/9450"}],"wp:attachment":[{"href":"https:\/\/wgphoto.pl\/t\/index.php?rest_route=%2Fwp%2Fv2%2Fmedia&parent=9449"}],"wp:term":[{"taxonomy":"category","embeddable":true,"href":"https:\/\/wgphoto.pl\/t\/index.php?rest_route=%2Fwp%2Fv2%2Fcategories&post=9449"},{"taxonomy":"post_tag","embeddable":true,"href":"https:\/\/wgphoto.pl\/t\/index.php?rest_route=%2Fwp%2Fv2%2Ftags&post=9449"}],"curies":[{"name":"wp","href":"https:\/\/api.w.org\/{rel}","templated":true}]}}