{"id":9461,"date":"2025-01-12T11:41:24","date_gmt":"2025-01-12T10:41:24","guid":{"rendered":"https:\/\/wgphoto.pl\/t\/?p=9461"},"modified":"2025-01-12T11:41:24","modified_gmt":"2025-01-12T10:41:24","slug":"schneiderweiche-2","status":"publish","type":"post","link":"https:\/\/wgphoto.pl\/t\/?p=9461","title":{"rendered":"Schneiderweiche (2)"},"content":{"rendered":"\n<figure class=\"wp-block-image aligncenter size-full\"><img loading=\"lazy\" decoding=\"async\" width=\"1200\" height=\"800\" src=\"https:\/\/wgphoto.pl\/t\/wp-content\/uploads\/2025\/01\/dscf6572.jpg\" alt=\"\" class=\"wp-image-9462\" srcset=\"https:\/\/wgphoto.pl\/t\/wp-content\/uploads\/2025\/01\/dscf6572.jpg 1200w, https:\/\/wgphoto.pl\/t\/wp-content\/uploads\/2025\/01\/dscf6572-300x200.jpg 300w, https:\/\/wgphoto.pl\/t\/wp-content\/uploads\/2025\/01\/dscf6572-768x512.jpg 768w\" sizes=\"auto, (max-width: 1200px) 100vw, 1200px\" \/><\/figure>\n\n\n\n<div class=\"wp-block-group has-global-padding is-layout-constrained wp-block-group-is-layout-constrained\">\n<p>Motorniczowie wagon\u00f3w numer 2 i 4 wymieniaj\u0105 ber\u0142a na jednej z dw\u00f3ch mijanek, zlokalizowanej pomi\u0119dzy przystankami Nasser Grund i Forsthaus, zwanej potocznie jak w tytule. 2008-04-04<\/p>\n<\/div>\n","protected":false},"excerpt":{"rendered":"<p>Motorniczowie wagon\u00f3w numer 2 i 4 wymieniaj\u0105 ber\u0142a na jednej z dw\u00f3ch mijanek, zlokalizowanej pomi\u0119dzy przystankami Nasser Grund i Forsthaus, zwanej potocznie jak w tytule. 2008-04-04<\/p>\n","protected":false},"author":1,"featured_media":9462,"comment_status":"open","ping_status":"","sticky":false,"template":"","format":"standard","meta":{"footnotes":""},"categories":[120,3],"tags":[2906,2905,2150,2904,151,23],"class_list":["post-9461","post","type-post","status-publish","format-standard","has-post-thumbnail","hentry","category-rok-2008","category-tramwaj","tag-2008-04-04","tag-bad-schandau","tag-gotha-t57","tag-kirnitzschtalbahn","tag-ludzie","tag-niemcy"],"_links":{"self":[{"href":"https:\/\/wgphoto.pl\/t\/index.php?rest_route=\/wp\/v2\/posts\/9461","targetHints":{"allow":["GET"]}}],"collection":[{"href":"https:\/\/wgphoto.pl\/t\/index.php?rest_route=\/wp\/v2\/posts"}],"about":[{"href":"https:\/\/wgphoto.pl\/t\/index.php?rest_route=\/wp\/v2\/types\/post"}],"author":[{"embeddable":true,"href":"https:\/\/wgphoto.pl\/t\/index.php?rest_route=\/wp\/v2\/users\/1"}],"replies":[{"embeddable":true,"href":"https:\/\/wgphoto.pl\/t\/index.php?rest_route=%2Fwp%2Fv2%2Fcomments&post=9461"}],"version-history":[{"count":1,"href":"https:\/\/wgphoto.pl\/t\/index.php?rest_route=\/wp\/v2\/posts\/9461\/revisions"}],"predecessor-version":[{"id":9463,"href":"https:\/\/wgphoto.pl\/t\/index.php?rest_route=\/wp\/v2\/posts\/9461\/revisions\/9463"}],"wp:featuredmedia":[{"embeddable":true,"href":"https:\/\/wgphoto.pl\/t\/index.php?rest_route=\/wp\/v2\/media\/9462"}],"wp:attachment":[{"href":"https:\/\/wgphoto.pl\/t\/index.php?rest_route=%2Fwp%2Fv2%2Fmedia&parent=9461"}],"wp:term":[{"taxonomy":"category","embeddable":true,"href":"https:\/\/wgphoto.pl\/t\/index.php?rest_route=%2Fwp%2Fv2%2Fcategories&post=9461"},{"taxonomy":"post_tag","embeddable":true,"href":"https:\/\/wgphoto.pl\/t\/index.php?rest_route=%2Fwp%2Fv2%2Ftags&post=9461"}],"curies":[{"name":"wp","href":"https:\/\/api.w.org\/{rel}","templated":true}]}}