{"id":9464,"date":"2025-01-12T11:42:12","date_gmt":"2025-01-12T10:42:12","guid":{"rendered":"https:\/\/wgphoto.pl\/t\/?p=9464"},"modified":"2025-01-12T11:42:12","modified_gmt":"2025-01-12T10:42:12","slug":"schneiderweiche-1","status":"publish","type":"post","link":"https:\/\/wgphoto.pl\/t\/?p=9464","title":{"rendered":"Schneiderweiche (1)"},"content":{"rendered":"\n<figure class=\"wp-block-image aligncenter size-full\"><img loading=\"lazy\" decoding=\"async\" width=\"1000\" height=\"650\" src=\"https:\/\/wgphoto.pl\/t\/wp-content\/uploads\/2025\/01\/0805-21.jpg\" alt=\"\" class=\"wp-image-9465\" srcset=\"https:\/\/wgphoto.pl\/t\/wp-content\/uploads\/2025\/01\/0805-21.jpg 1000w, https:\/\/wgphoto.pl\/t\/wp-content\/uploads\/2025\/01\/0805-21-300x195.jpg 300w, https:\/\/wgphoto.pl\/t\/wp-content\/uploads\/2025\/01\/0805-21-768x499.jpg 768w\" sizes=\"auto, (max-width: 1000px) 100vw, 1000px\" \/><\/figure>\n\n\n\n<div class=\"wp-block-group has-global-padding is-layout-constrained wp-block-group-is-layout-constrained\">\n<p>Wagon 4 oczekuje na krzy\u017cowanie na mijance Schneiderweiche. Na openstreetmap mijanka ta narysowana jest w taki spos\u00f3b, jakby tor boczny by\u0142 odci\u0119ty od szlakowego. Je\u015bli to prawda, oznacza\u0142o to b\u0119dzie, \u017ce na 7,9-kilometrowej trasie pozostawiono tylko jedn\u0105 mo\u017cliwo\u015b\u0107 krzy\u017cowania &#8211; przy zajezdni. 04.04.2008<\/p>\n<\/div>\n","protected":false},"excerpt":{"rendered":"<p>Wagon 4 oczekuje na krzy\u017cowanie na mijance Schneiderweiche. Na openstreetmap mijanka ta narysowana jest w taki spos\u00f3b, jakby tor boczny by\u0142 odci\u0119ty od szlakowego. Je\u015bli to prawda, oznacza\u0142o to b\u0119dzie, \u017ce na 7,9-kilometrowej trasie pozostawiono tylko jedn\u0105 mo\u017cliwo\u015b\u0107 krzy\u017cowania &#8211; przy zajezdni. 04.04.2008<\/p>\n","protected":false},"author":1,"featured_media":9465,"comment_status":"open","ping_status":"","sticky":false,"template":"","format":"standard","meta":{"footnotes":""},"categories":[62,120,3],"tags":[2906,2905,2150,2904,23],"class_list":["post-9464","post","type-post","status-publish","format-standard","has-post-thumbnail","hentry","category-analog","category-rok-2008","category-tramwaj","tag-2008-04-04","tag-bad-schandau","tag-gotha-t57","tag-kirnitzschtalbahn","tag-niemcy"],"_links":{"self":[{"href":"https:\/\/wgphoto.pl\/t\/index.php?rest_route=\/wp\/v2\/posts\/9464","targetHints":{"allow":["GET"]}}],"collection":[{"href":"https:\/\/wgphoto.pl\/t\/index.php?rest_route=\/wp\/v2\/posts"}],"about":[{"href":"https:\/\/wgphoto.pl\/t\/index.php?rest_route=\/wp\/v2\/types\/post"}],"author":[{"embeddable":true,"href":"https:\/\/wgphoto.pl\/t\/index.php?rest_route=\/wp\/v2\/users\/1"}],"replies":[{"embeddable":true,"href":"https:\/\/wgphoto.pl\/t\/index.php?rest_route=%2Fwp%2Fv2%2Fcomments&post=9464"}],"version-history":[{"count":1,"href":"https:\/\/wgphoto.pl\/t\/index.php?rest_route=\/wp\/v2\/posts\/9464\/revisions"}],"predecessor-version":[{"id":9466,"href":"https:\/\/wgphoto.pl\/t\/index.php?rest_route=\/wp\/v2\/posts\/9464\/revisions\/9466"}],"wp:featuredmedia":[{"embeddable":true,"href":"https:\/\/wgphoto.pl\/t\/index.php?rest_route=\/wp\/v2\/media\/9465"}],"wp:attachment":[{"href":"https:\/\/wgphoto.pl\/t\/index.php?rest_route=%2Fwp%2Fv2%2Fmedia&parent=9464"}],"wp:term":[{"taxonomy":"category","embeddable":true,"href":"https:\/\/wgphoto.pl\/t\/index.php?rest_route=%2Fwp%2Fv2%2Fcategories&post=9464"},{"taxonomy":"post_tag","embeddable":true,"href":"https:\/\/wgphoto.pl\/t\/index.php?rest_route=%2Fwp%2Fv2%2Ftags&post=9464"}],"curies":[{"name":"wp","href":"https:\/\/api.w.org\/{rel}","templated":true}]}}