{"id":9473,"date":"2025-01-12T11:44:44","date_gmt":"2025-01-12T10:44:44","guid":{"rendered":"https:\/\/wgphoto.pl\/t\/?p=9473"},"modified":"2025-01-12T11:44:44","modified_gmt":"2025-01-12T10:44:44","slug":"depotweiche-1","status":"publish","type":"post","link":"https:\/\/wgphoto.pl\/t\/?p=9473","title":{"rendered":"Depotweiche (1)"},"content":{"rendered":"\n<figure class=\"wp-block-image aligncenter size-full\"><img loading=\"lazy\" decoding=\"async\" width=\"1000\" height=\"650\" src=\"https:\/\/wgphoto.pl\/t\/wp-content\/uploads\/2025\/01\/0805-24.jpg\" alt=\"\" class=\"wp-image-9474\" srcset=\"https:\/\/wgphoto.pl\/t\/wp-content\/uploads\/2025\/01\/0805-24.jpg 1000w, https:\/\/wgphoto.pl\/t\/wp-content\/uploads\/2025\/01\/0805-24-300x195.jpg 300w, https:\/\/wgphoto.pl\/t\/wp-content\/uploads\/2025\/01\/0805-24-768x499.jpg 768w\" sizes=\"auto, (max-width: 1000px) 100vw, 1000px\" \/><\/figure>\n\n\n\n<div class=\"wp-block-group has-global-padding is-layout-constrained wp-block-group-is-layout-constrained\">\n<p>Wagon 1 wje\u017cd\u017ca na mijank\u0119 zlokalizowan\u0105 pod male\u0144k\u0105 zajezdni\u0105 tutejszych tramwaj\u00f3w. 04.04.2008<\/p>\n<\/div>\n","protected":false},"excerpt":{"rendered":"<p>Wagon 1 wje\u017cd\u017ca na mijank\u0119 zlokalizowan\u0105 pod male\u0144k\u0105 zajezdni\u0105 tutejszych tramwaj\u00f3w. 04.04.2008<\/p>\n","protected":false},"author":1,"featured_media":9474,"comment_status":"open","ping_status":"","sticky":false,"template":"","format":"standard","meta":{"footnotes":""},"categories":[62,120,3],"tags":[2906,2905,2150,2904,23],"class_list":["post-9473","post","type-post","status-publish","format-standard","has-post-thumbnail","hentry","category-analog","category-rok-2008","category-tramwaj","tag-2008-04-04","tag-bad-schandau","tag-gotha-t57","tag-kirnitzschtalbahn","tag-niemcy"],"_links":{"self":[{"href":"https:\/\/wgphoto.pl\/t\/index.php?rest_route=\/wp\/v2\/posts\/9473","targetHints":{"allow":["GET"]}}],"collection":[{"href":"https:\/\/wgphoto.pl\/t\/index.php?rest_route=\/wp\/v2\/posts"}],"about":[{"href":"https:\/\/wgphoto.pl\/t\/index.php?rest_route=\/wp\/v2\/types\/post"}],"author":[{"embeddable":true,"href":"https:\/\/wgphoto.pl\/t\/index.php?rest_route=\/wp\/v2\/users\/1"}],"replies":[{"embeddable":true,"href":"https:\/\/wgphoto.pl\/t\/index.php?rest_route=%2Fwp%2Fv2%2Fcomments&post=9473"}],"version-history":[{"count":1,"href":"https:\/\/wgphoto.pl\/t\/index.php?rest_route=\/wp\/v2\/posts\/9473\/revisions"}],"predecessor-version":[{"id":9475,"href":"https:\/\/wgphoto.pl\/t\/index.php?rest_route=\/wp\/v2\/posts\/9473\/revisions\/9475"}],"wp:featuredmedia":[{"embeddable":true,"href":"https:\/\/wgphoto.pl\/t\/index.php?rest_route=\/wp\/v2\/media\/9474"}],"wp:attachment":[{"href":"https:\/\/wgphoto.pl\/t\/index.php?rest_route=%2Fwp%2Fv2%2Fmedia&parent=9473"}],"wp:term":[{"taxonomy":"category","embeddable":true,"href":"https:\/\/wgphoto.pl\/t\/index.php?rest_route=%2Fwp%2Fv2%2Fcategories&post=9473"},{"taxonomy":"post_tag","embeddable":true,"href":"https:\/\/wgphoto.pl\/t\/index.php?rest_route=%2Fwp%2Fv2%2Ftags&post=9473"}],"curies":[{"name":"wp","href":"https:\/\/api.w.org\/{rel}","templated":true}]}}