{"id":9485,"date":"2025-01-12T11:48:59","date_gmt":"2025-01-12T10:48:59","guid":{"rendered":"https:\/\/wgphoto.pl\/t\/?p=9485"},"modified":"2025-01-12T11:48:59","modified_gmt":"2025-01-12T10:48:59","slug":"ustap-pierwszenstwa","status":"publish","type":"post","link":"https:\/\/wgphoto.pl\/t\/?p=9485","title":{"rendered":"Ust\u0105p pierwsze\u0144stwa"},"content":{"rendered":"\n<figure class=\"wp-block-image aligncenter size-full\"><img loading=\"lazy\" decoding=\"async\" width=\"990\" height=\"660\" src=\"https:\/\/wgphoto.pl\/t\/wp-content\/uploads\/2025\/01\/dscf6574.jpg\" alt=\"\" class=\"wp-image-9486\" srcset=\"https:\/\/wgphoto.pl\/t\/wp-content\/uploads\/2025\/01\/dscf6574.jpg 990w, https:\/\/wgphoto.pl\/t\/wp-content\/uploads\/2025\/01\/dscf6574-300x200.jpg 300w, https:\/\/wgphoto.pl\/t\/wp-content\/uploads\/2025\/01\/dscf6574-768x512.jpg 768w\" sizes=\"auto, (max-width: 990px) 100vw, 990px\" \/><\/figure>\n\n\n\n<div class=\"wp-block-group has-global-padding is-layout-constrained wp-block-group-is-layout-constrained\">\n<p>Okolice przystanku Forsthaus. Uwag\u0119 zwraca ciekawa tablica informuj\u0105ca o lokalnej organizacji ruchu. Regu\u0142a jest prosta: nale\u017cy ust\u0105pi\u0107 pierwsze\u0144stwa autom, kt\u00f3re jad\u0105 na czo\u0142\u00f3wk\u0119 z tramwajem &#8211; ca\u0142a bowiem trasa poprowadzona jest jednym pasem jezdni, a zatem w po\u0142owie przypadk\u00f3w tramwaj porusza si\u0119 &#8222;pod pr\u0105d&#8221;. 04.04.2008<\/p>\n<\/div>\n","protected":false},"excerpt":{"rendered":"<p>Okolice przystanku Forsthaus. Uwag\u0119 zwraca ciekawa tablica informuj\u0105ca o lokalnej organizacji ruchu. Regu\u0142a jest prosta: nale\u017cy ust\u0105pi\u0107 pierwsze\u0144stwa autom, kt\u00f3re jad\u0105 na czo\u0142\u00f3wk\u0119 z tramwajem &#8211; ca\u0142a bowiem trasa poprowadzona jest jednym pasem jezdni, a zatem w po\u0142owie przypadk\u00f3w tramwaj porusza si\u0119 &#8222;pod pr\u0105d&#8221;. 04.04.2008<\/p>\n","protected":false},"author":1,"featured_media":9486,"comment_status":"open","ping_status":"","sticky":false,"template":"","format":"standard","meta":{"footnotes":""},"categories":[120,3],"tags":[2906,2905,2150,230,2904,23],"class_list":["post-9485","post","type-post","status-publish","format-standard","has-post-thumbnail","hentry","category-rok-2008","category-tramwaj","tag-2008-04-04","tag-bad-schandau","tag-gotha-t57","tag-infrastruktura","tag-kirnitzschtalbahn","tag-niemcy"],"_links":{"self":[{"href":"https:\/\/wgphoto.pl\/t\/index.php?rest_route=\/wp\/v2\/posts\/9485","targetHints":{"allow":["GET"]}}],"collection":[{"href":"https:\/\/wgphoto.pl\/t\/index.php?rest_route=\/wp\/v2\/posts"}],"about":[{"href":"https:\/\/wgphoto.pl\/t\/index.php?rest_route=\/wp\/v2\/types\/post"}],"author":[{"embeddable":true,"href":"https:\/\/wgphoto.pl\/t\/index.php?rest_route=\/wp\/v2\/users\/1"}],"replies":[{"embeddable":true,"href":"https:\/\/wgphoto.pl\/t\/index.php?rest_route=%2Fwp%2Fv2%2Fcomments&post=9485"}],"version-history":[{"count":1,"href":"https:\/\/wgphoto.pl\/t\/index.php?rest_route=\/wp\/v2\/posts\/9485\/revisions"}],"predecessor-version":[{"id":9487,"href":"https:\/\/wgphoto.pl\/t\/index.php?rest_route=\/wp\/v2\/posts\/9485\/revisions\/9487"}],"wp:featuredmedia":[{"embeddable":true,"href":"https:\/\/wgphoto.pl\/t\/index.php?rest_route=\/wp\/v2\/media\/9486"}],"wp:attachment":[{"href":"https:\/\/wgphoto.pl\/t\/index.php?rest_route=%2Fwp%2Fv2%2Fmedia&parent=9485"}],"wp:term":[{"taxonomy":"category","embeddable":true,"href":"https:\/\/wgphoto.pl\/t\/index.php?rest_route=%2Fwp%2Fv2%2Fcategories&post=9485"},{"taxonomy":"post_tag","embeddable":true,"href":"https:\/\/wgphoto.pl\/t\/index.php?rest_route=%2Fwp%2Fv2%2Ftags&post=9485"}],"curies":[{"name":"wp","href":"https:\/\/api.w.org\/{rel}","templated":true}]}}