{"id":9494,"date":"2025-01-12T11:51:36","date_gmt":"2025-01-12T10:51:36","guid":{"rendered":"https:\/\/wgphoto.pl\/t\/?p=9494"},"modified":"2025-01-12T11:51:36","modified_gmt":"2025-01-12T10:51:36","slug":"kraniec-miejski","status":"publish","type":"post","link":"https:\/\/wgphoto.pl\/t\/?p=9494","title":{"rendered":"Kraniec miejski"},"content":{"rendered":"\n<figure class=\"wp-block-image aligncenter size-full\"><img loading=\"lazy\" decoding=\"async\" width=\"990\" height=\"710\" src=\"https:\/\/wgphoto.pl\/t\/wp-content\/uploads\/2025\/01\/dscf6593.jpg\" alt=\"\" class=\"wp-image-9495\" srcset=\"https:\/\/wgphoto.pl\/t\/wp-content\/uploads\/2025\/01\/dscf6593.jpg 990w, https:\/\/wgphoto.pl\/t\/wp-content\/uploads\/2025\/01\/dscf6593-300x215.jpg 300w, https:\/\/wgphoto.pl\/t\/wp-content\/uploads\/2025\/01\/dscf6593-768x551.jpg 768w\" sizes=\"auto, (max-width: 990px) 100vw, 990px\" \/><\/figure>\n\n\n\n<div class=\"wp-block-group has-global-padding is-layout-constrained wp-block-group-is-layout-constrained\">\n<p>Motorniczy wyszed\u0142 rozprostowa\u0107 ko\u015bci podczas postoju na zachodnim kra\u0144cu trasy. W tle wida\u0107 zabudowania &#8222;centrum&#8221; kurortu Bad Schandau. Do 1969 roku trasa wiod\u0142a 400 metr\u00f3w dalej wg\u0142\u0105b miasteczka, daj\u0105c zapewne wi\u0119cej mo\u017cliwo\u015bci sfotografowania tramwaju z tutejsz\u0105 architektur\u0105. 04.04.2008<\/p>\n<\/div>\n","protected":false},"excerpt":{"rendered":"<p>Motorniczy wyszed\u0142 rozprostowa\u0107 ko\u015bci podczas postoju na zachodnim kra\u0144cu trasy. W tle wida\u0107 zabudowania &#8222;centrum&#8221; kurortu Bad Schandau. Do 1969 roku trasa wiod\u0142a 400 metr\u00f3w dalej wg\u0142\u0105b miasteczka, daj\u0105c zapewne wi\u0119cej mo\u017cliwo\u015bci sfotografowania tramwaju z tutejsz\u0105 architektur\u0105. 04.04.2008<\/p>\n","protected":false},"author":1,"featured_media":9495,"comment_status":"open","ping_status":"","sticky":false,"template":"","format":"standard","meta":{"footnotes":""},"categories":[120,3],"tags":[2906,2905,2150,2904,23],"class_list":["post-9494","post","type-post","status-publish","format-standard","has-post-thumbnail","hentry","category-rok-2008","category-tramwaj","tag-2008-04-04","tag-bad-schandau","tag-gotha-t57","tag-kirnitzschtalbahn","tag-niemcy"],"_links":{"self":[{"href":"https:\/\/wgphoto.pl\/t\/index.php?rest_route=\/wp\/v2\/posts\/9494","targetHints":{"allow":["GET"]}}],"collection":[{"href":"https:\/\/wgphoto.pl\/t\/index.php?rest_route=\/wp\/v2\/posts"}],"about":[{"href":"https:\/\/wgphoto.pl\/t\/index.php?rest_route=\/wp\/v2\/types\/post"}],"author":[{"embeddable":true,"href":"https:\/\/wgphoto.pl\/t\/index.php?rest_route=\/wp\/v2\/users\/1"}],"replies":[{"embeddable":true,"href":"https:\/\/wgphoto.pl\/t\/index.php?rest_route=%2Fwp%2Fv2%2Fcomments&post=9494"}],"version-history":[{"count":1,"href":"https:\/\/wgphoto.pl\/t\/index.php?rest_route=\/wp\/v2\/posts\/9494\/revisions"}],"predecessor-version":[{"id":9496,"href":"https:\/\/wgphoto.pl\/t\/index.php?rest_route=\/wp\/v2\/posts\/9494\/revisions\/9496"}],"wp:featuredmedia":[{"embeddable":true,"href":"https:\/\/wgphoto.pl\/t\/index.php?rest_route=\/wp\/v2\/media\/9495"}],"wp:attachment":[{"href":"https:\/\/wgphoto.pl\/t\/index.php?rest_route=%2Fwp%2Fv2%2Fmedia&parent=9494"}],"wp:term":[{"taxonomy":"category","embeddable":true,"href":"https:\/\/wgphoto.pl\/t\/index.php?rest_route=%2Fwp%2Fv2%2Fcategories&post=9494"},{"taxonomy":"post_tag","embeddable":true,"href":"https:\/\/wgphoto.pl\/t\/index.php?rest_route=%2Fwp%2Fv2%2Ftags&post=9494"}],"curies":[{"name":"wp","href":"https:\/\/api.w.org\/{rel}","templated":true}]}}