{"id":9503,"date":"2025-01-12T11:55:50","date_gmt":"2025-01-12T10:55:50","guid":{"rendered":"https:\/\/wgphoto.pl\/t\/?p=9503"},"modified":"2025-01-12T12:37:58","modified_gmt":"2025-01-12T11:37:58","slug":"konigstein","status":"publish","type":"post","link":"https:\/\/wgphoto.pl\/t\/?p=9503","title":{"rendered":"K\u00f6nigstein"},"content":{"rendered":"\n<figure class=\"wp-block-image aligncenter size-full\"><img loading=\"lazy\" decoding=\"async\" width=\"1200\" height=\"900\" src=\"https:\/\/wgphoto.pl\/t\/wp-content\/uploads\/2025\/01\/DSCF6599.jpg\" alt=\"\" class=\"wp-image-9527\" srcset=\"https:\/\/wgphoto.pl\/t\/wp-content\/uploads\/2025\/01\/DSCF6599.jpg 1200w, https:\/\/wgphoto.pl\/t\/wp-content\/uploads\/2025\/01\/DSCF6599-300x225.jpg 300w, https:\/\/wgphoto.pl\/t\/wp-content\/uploads\/2025\/01\/DSCF6599-768x576.jpg 768w\" sizes=\"auto, (max-width: 1200px) 100vw, 1200px\" \/><\/figure>\n\n\n\n<div class=\"wp-block-group has-global-padding is-layout-constrained wp-block-group-is-layout-constrained\">\n<p>Poci\u0105g EC 174 &#8222;Jan Jesenius&#8221; relacji Budapest Keleti pu &#8211; Hamburg Altona, prowadzony czeskim dwusystemowym elektrowozem 371 003, mija bez zatrzymania stacj\u0119 K\u00f6nigstein (S\u00e4chs Schweiz). Wida\u0107 pewien kontrast starego \u0142adu przestrzennego w stosunku do nowego\u2026 04.04.2008<\/p>\n<\/div>\n","protected":false},"excerpt":{"rendered":"<p>Poci\u0105g EC 174 &#8222;Jan Jesenius&#8221; relacji Budapest Keleti pu &#8211; Hamburg Altona, prowadzony czeskim dwusystemowym elektrowozem 371 003, mija bez zatrzymania stacj\u0119 K\u00f6nigstein (S\u00e4chs Schweiz). Wida\u0107 pewien kontrast starego \u0142adu przestrzennego w stosunku do nowego\u2026 04.04.2008<\/p>\n","protected":false},"author":1,"featured_media":9527,"comment_status":"open","ping_status":"","sticky":false,"template":"","format":"standard","meta":{"footnotes":""},"categories":[2,120],"tags":[2906,705,50,249,2907,23],"class_list":["post-9503","post","type-post","status-publish","format-standard","has-post-thumbnail","hentry","category-kolej","category-rok-2008","tag-2008-04-04","tag-705","tag-cd","tag-goscinne-wystepy","tag-konigstein","tag-niemcy"],"_links":{"self":[{"href":"https:\/\/wgphoto.pl\/t\/index.php?rest_route=\/wp\/v2\/posts\/9503","targetHints":{"allow":["GET"]}}],"collection":[{"href":"https:\/\/wgphoto.pl\/t\/index.php?rest_route=\/wp\/v2\/posts"}],"about":[{"href":"https:\/\/wgphoto.pl\/t\/index.php?rest_route=\/wp\/v2\/types\/post"}],"author":[{"embeddable":true,"href":"https:\/\/wgphoto.pl\/t\/index.php?rest_route=\/wp\/v2\/users\/1"}],"replies":[{"embeddable":true,"href":"https:\/\/wgphoto.pl\/t\/index.php?rest_route=%2Fwp%2Fv2%2Fcomments&post=9503"}],"version-history":[{"count":2,"href":"https:\/\/wgphoto.pl\/t\/index.php?rest_route=\/wp\/v2\/posts\/9503\/revisions"}],"predecessor-version":[{"id":9528,"href":"https:\/\/wgphoto.pl\/t\/index.php?rest_route=\/wp\/v2\/posts\/9503\/revisions\/9528"}],"wp:featuredmedia":[{"embeddable":true,"href":"https:\/\/wgphoto.pl\/t\/index.php?rest_route=\/wp\/v2\/media\/9527"}],"wp:attachment":[{"href":"https:\/\/wgphoto.pl\/t\/index.php?rest_route=%2Fwp%2Fv2%2Fmedia&parent=9503"}],"wp:term":[{"taxonomy":"category","embeddable":true,"href":"https:\/\/wgphoto.pl\/t\/index.php?rest_route=%2Fwp%2Fv2%2Fcategories&post=9503"},{"taxonomy":"post_tag","embeddable":true,"href":"https:\/\/wgphoto.pl\/t\/index.php?rest_route=%2Fwp%2Fv2%2Ftags&post=9503"}],"curies":[{"name":"wp","href":"https:\/\/api.w.org\/{rel}","templated":true}]}}