{"id":9506,"date":"2025-01-12T11:56:41","date_gmt":"2025-01-12T10:56:41","guid":{"rendered":"https:\/\/wgphoto.pl\/t\/?p=9506"},"modified":"2025-01-12T11:56:41","modified_gmt":"2025-01-12T10:56:41","slug":"143-585-8","status":"publish","type":"post","link":"https:\/\/wgphoto.pl\/t\/?p=9506","title":{"rendered":"143 585-8"},"content":{"rendered":"\n<figure class=\"wp-block-image aligncenter size-full\"><img loading=\"lazy\" decoding=\"async\" width=\"1000\" height=\"667\" src=\"https:\/\/wgphoto.pl\/t\/wp-content\/uploads\/2025\/01\/dscf6600.jpg\" alt=\"\" class=\"wp-image-9507\" srcset=\"https:\/\/wgphoto.pl\/t\/wp-content\/uploads\/2025\/01\/dscf6600.jpg 1000w, https:\/\/wgphoto.pl\/t\/wp-content\/uploads\/2025\/01\/dscf6600-300x200.jpg 300w, https:\/\/wgphoto.pl\/t\/wp-content\/uploads\/2025\/01\/dscf6600-768x512.jpg 768w\" sizes=\"auto, (max-width: 1000px) 100vw, 1000px\" \/><\/figure>\n\n\n\n<div class=\"wp-block-group has-global-padding is-layout-constrained wp-block-group-is-layout-constrained\">\n<p>S-bahn z Sch\u00f6ny do Mei\u00dfen-Triebischtal przez Drezno zbli\u017ca si\u0119 do stacji K\u00f6nigstein (S\u00e4chs Schweiz). 04.04.2008<\/p>\n<\/div>\n","protected":false},"excerpt":{"rendered":"<p>S-bahn z Sch\u00f6ny do Mei\u00dfen-Triebischtal przez Drezno zbli\u017ca si\u0119 do stacji K\u00f6nigstein (S\u00e4chs Schweiz). 04.04.2008<\/p>\n","protected":false},"author":1,"featured_media":9507,"comment_status":"open","ping_status":"","sticky":false,"template":"","format":"standard","meta":{"footnotes":""},"categories":[2,120],"tags":[856,2906,206,173,2907,23],"class_list":["post-9506","post","type-post","status-publish","format-standard","has-post-thumbnail","hentry","category-kolej","category-rok-2008","tag-856","tag-2008-04-04","tag-db","tag-koncowki","tag-konigstein","tag-niemcy"],"_links":{"self":[{"href":"https:\/\/wgphoto.pl\/t\/index.php?rest_route=\/wp\/v2\/posts\/9506","targetHints":{"allow":["GET"]}}],"collection":[{"href":"https:\/\/wgphoto.pl\/t\/index.php?rest_route=\/wp\/v2\/posts"}],"about":[{"href":"https:\/\/wgphoto.pl\/t\/index.php?rest_route=\/wp\/v2\/types\/post"}],"author":[{"embeddable":true,"href":"https:\/\/wgphoto.pl\/t\/index.php?rest_route=\/wp\/v2\/users\/1"}],"replies":[{"embeddable":true,"href":"https:\/\/wgphoto.pl\/t\/index.php?rest_route=%2Fwp%2Fv2%2Fcomments&post=9506"}],"version-history":[{"count":1,"href":"https:\/\/wgphoto.pl\/t\/index.php?rest_route=\/wp\/v2\/posts\/9506\/revisions"}],"predecessor-version":[{"id":9508,"href":"https:\/\/wgphoto.pl\/t\/index.php?rest_route=\/wp\/v2\/posts\/9506\/revisions\/9508"}],"wp:featuredmedia":[{"embeddable":true,"href":"https:\/\/wgphoto.pl\/t\/index.php?rest_route=\/wp\/v2\/media\/9507"}],"wp:attachment":[{"href":"https:\/\/wgphoto.pl\/t\/index.php?rest_route=%2Fwp%2Fv2%2Fmedia&parent=9506"}],"wp:term":[{"taxonomy":"category","embeddable":true,"href":"https:\/\/wgphoto.pl\/t\/index.php?rest_route=%2Fwp%2Fv2%2Fcategories&post=9506"},{"taxonomy":"post_tag","embeddable":true,"href":"https:\/\/wgphoto.pl\/t\/index.php?rest_route=%2Fwp%2Fv2%2Ftags&post=9506"}],"curies":[{"name":"wp","href":"https:\/\/api.w.org\/{rel}","templated":true}]}}