{"id":9509,"date":"2025-01-12T11:57:34","date_gmt":"2025-01-12T10:57:34","guid":{"rendered":"https:\/\/wgphoto.pl\/t\/?p=9509"},"modified":"2025-01-12T11:57:34","modified_gmt":"2025-01-12T10:57:34","slug":"niemiecka-lokalka","status":"publish","type":"post","link":"https:\/\/wgphoto.pl\/t\/?p=9509","title":{"rendered":"Niemiecka lokalka"},"content":{"rendered":"\n<figure class=\"wp-block-image aligncenter size-full\"><img loading=\"lazy\" decoding=\"async\" width=\"990\" height=\"710\" src=\"https:\/\/wgphoto.pl\/t\/wp-content\/uploads\/2025\/01\/dscf6598.jpg\" alt=\"\" class=\"wp-image-9510\" srcset=\"https:\/\/wgphoto.pl\/t\/wp-content\/uploads\/2025\/01\/dscf6598.jpg 990w, https:\/\/wgphoto.pl\/t\/wp-content\/uploads\/2025\/01\/dscf6598-300x215.jpg 300w, https:\/\/wgphoto.pl\/t\/wp-content\/uploads\/2025\/01\/dscf6598-768x551.jpg 768w\" sizes=\"auto, (max-width: 990px) 100vw, 990px\" \/><\/figure>\n\n\n\n<div class=\"wp-block-group has-global-padding is-layout-constrained wp-block-group-is-layout-constrained\">\n<p>RB do Pirny przez Neustadt opuszcza stacj\u0119 w Bad Schandau, bezpo\u015brednio za kt\u00f3r\u0105 znajduje si\u0119 most nad \u0141ab\u0105. 04.04.2008<\/p>\n<\/div>\n","protected":false},"excerpt":{"rendered":"<p>RB do Pirny przez Neustadt opuszcza stacj\u0119 w Bad Schandau, bezpo\u015brednio za kt\u00f3r\u0105 znajduje si\u0119 most nad \u0141ab\u0105. 04.04.2008<\/p>\n","protected":false},"author":1,"featured_media":9510,"comment_status":"open","ping_status":"","sticky":false,"template":"","format":"standard","meta":{"footnotes":""},"categories":[2,120],"tags":[2906,2905,206,256,45,23],"class_list":["post-9509","post","type-post","status-publish","format-standard","has-post-thumbnail","hentry","category-kolej","category-rok-2008","tag-2008-04-04","tag-bad-schandau","tag-db","tag-desiro","tag-most","tag-niemcy"],"_links":{"self":[{"href":"https:\/\/wgphoto.pl\/t\/index.php?rest_route=\/wp\/v2\/posts\/9509","targetHints":{"allow":["GET"]}}],"collection":[{"href":"https:\/\/wgphoto.pl\/t\/index.php?rest_route=\/wp\/v2\/posts"}],"about":[{"href":"https:\/\/wgphoto.pl\/t\/index.php?rest_route=\/wp\/v2\/types\/post"}],"author":[{"embeddable":true,"href":"https:\/\/wgphoto.pl\/t\/index.php?rest_route=\/wp\/v2\/users\/1"}],"replies":[{"embeddable":true,"href":"https:\/\/wgphoto.pl\/t\/index.php?rest_route=%2Fwp%2Fv2%2Fcomments&post=9509"}],"version-history":[{"count":1,"href":"https:\/\/wgphoto.pl\/t\/index.php?rest_route=\/wp\/v2\/posts\/9509\/revisions"}],"predecessor-version":[{"id":9511,"href":"https:\/\/wgphoto.pl\/t\/index.php?rest_route=\/wp\/v2\/posts\/9509\/revisions\/9511"}],"wp:featuredmedia":[{"embeddable":true,"href":"https:\/\/wgphoto.pl\/t\/index.php?rest_route=\/wp\/v2\/media\/9510"}],"wp:attachment":[{"href":"https:\/\/wgphoto.pl\/t\/index.php?rest_route=%2Fwp%2Fv2%2Fmedia&parent=9509"}],"wp:term":[{"taxonomy":"category","embeddable":true,"href":"https:\/\/wgphoto.pl\/t\/index.php?rest_route=%2Fwp%2Fv2%2Fcategories&post=9509"},{"taxonomy":"post_tag","embeddable":true,"href":"https:\/\/wgphoto.pl\/t\/index.php?rest_route=%2Fwp%2Fv2%2Ftags&post=9509"}],"curies":[{"name":"wp","href":"https:\/\/api.w.org\/{rel}","templated":true}]}}