{"id":9515,"date":"2025-01-12T12:00:06","date_gmt":"2025-01-12T11:00:06","guid":{"rendered":"https:\/\/wgphoto.pl\/t\/?p=9515"},"modified":"2025-01-12T12:00:06","modified_gmt":"2025-01-12T11:00:06","slug":"lokalizacja-nieznana","status":"publish","type":"post","link":"https:\/\/wgphoto.pl\/t\/?p=9515","title":{"rendered":"Lokalizacja nieznana"},"content":{"rendered":"\n<figure class=\"wp-block-image aligncenter size-full\"><img loading=\"lazy\" decoding=\"async\" width=\"1000\" height=\"667\" src=\"https:\/\/wgphoto.pl\/t\/wp-content\/uploads\/2025\/01\/dscf6610.jpg\" alt=\"\" class=\"wp-image-9516\" srcset=\"https:\/\/wgphoto.pl\/t\/wp-content\/uploads\/2025\/01\/dscf6610.jpg 1000w, https:\/\/wgphoto.pl\/t\/wp-content\/uploads\/2025\/01\/dscf6610-300x200.jpg 300w, https:\/\/wgphoto.pl\/t\/wp-content\/uploads\/2025\/01\/dscf6610-768x512.jpg 768w\" sizes=\"auto, (max-width: 1000px) 100vw, 1000px\" \/><\/figure>\n\n\n\n<div class=\"wp-block-group has-global-padding is-layout-constrained wp-block-group-is-layout-constrained\">\n<p>To b\u0119dzie najprawdopodobniej poci\u0105g z poprzedniego zdj\u0119cia, z\u0142apany w bli\u017cej nieokre\u015blonej lokalizacji, podejrzewam odcinek Markvartice &#8211; \u010cesk\u00e1 Kamenice. 2008-04-04<\/p>\n<\/div>\n","protected":false},"excerpt":{"rendered":"<p>To b\u0119dzie najprawdopodobniej poci\u0105g z poprzedniego zdj\u0119cia, z\u0142apany w bli\u017cej nieokre\u015blonej lokalizacji, podejrzewam odcinek Markvartice &#8211; \u010cesk\u00e1 Kamenice. 2008-04-04<\/p>\n","protected":false},"author":1,"featured_media":9516,"comment_status":"open","ping_status":"","sticky":false,"template":"","format":"standard","meta":{"footnotes":""},"categories":[2,120],"tags":[2906,92,50,2909,49,114,1953],"class_list":["post-9515","post","type-post","status-publish","format-standard","has-post-thumbnail","hentry","category-kolej","category-rok-2008","tag-2008-04-04","tag-92","tag-cd","tag-ceska-kamenice","tag-czechy","tag-gory","tag-tab-cz081"],"_links":{"self":[{"href":"https:\/\/wgphoto.pl\/t\/index.php?rest_route=\/wp\/v2\/posts\/9515","targetHints":{"allow":["GET"]}}],"collection":[{"href":"https:\/\/wgphoto.pl\/t\/index.php?rest_route=\/wp\/v2\/posts"}],"about":[{"href":"https:\/\/wgphoto.pl\/t\/index.php?rest_route=\/wp\/v2\/types\/post"}],"author":[{"embeddable":true,"href":"https:\/\/wgphoto.pl\/t\/index.php?rest_route=\/wp\/v2\/users\/1"}],"replies":[{"embeddable":true,"href":"https:\/\/wgphoto.pl\/t\/index.php?rest_route=%2Fwp%2Fv2%2Fcomments&post=9515"}],"version-history":[{"count":1,"href":"https:\/\/wgphoto.pl\/t\/index.php?rest_route=\/wp\/v2\/posts\/9515\/revisions"}],"predecessor-version":[{"id":9517,"href":"https:\/\/wgphoto.pl\/t\/index.php?rest_route=\/wp\/v2\/posts\/9515\/revisions\/9517"}],"wp:featuredmedia":[{"embeddable":true,"href":"https:\/\/wgphoto.pl\/t\/index.php?rest_route=\/wp\/v2\/media\/9516"}],"wp:attachment":[{"href":"https:\/\/wgphoto.pl\/t\/index.php?rest_route=%2Fwp%2Fv2%2Fmedia&parent=9515"}],"wp:term":[{"taxonomy":"category","embeddable":true,"href":"https:\/\/wgphoto.pl\/t\/index.php?rest_route=%2Fwp%2Fv2%2Fcategories&post=9515"},{"taxonomy":"post_tag","embeddable":true,"href":"https:\/\/wgphoto.pl\/t\/index.php?rest_route=%2Fwp%2Fv2%2Ftags&post=9515"}],"curies":[{"name":"wp","href":"https:\/\/api.w.org\/{rel}","templated":true}]}}