{"id":9521,"date":"2025-01-12T12:02:04","date_gmt":"2025-01-12T11:02:04","guid":{"rendered":"https:\/\/wgphoto.pl\/t\/?p=9521"},"modified":"2025-01-12T12:02:04","modified_gmt":"2025-01-12T11:02:04","slug":"49-latek","status":"publish","type":"post","link":"https:\/\/wgphoto.pl\/t\/?p=9521","title":{"rendered":"49-latek"},"content":{"rendered":"\n<figure class=\"wp-block-image aligncenter size-full\"><img loading=\"lazy\" decoding=\"async\" width=\"1000\" height=\"650\" src=\"https:\/\/wgphoto.pl\/t\/wp-content\/uploads\/2025\/01\/0805-28.jpg\" alt=\"\" class=\"wp-image-9522\" srcset=\"https:\/\/wgphoto.pl\/t\/wp-content\/uploads\/2025\/01\/0805-28.jpg 1000w, https:\/\/wgphoto.pl\/t\/wp-content\/uploads\/2025\/01\/0805-28-300x195.jpg 300w, https:\/\/wgphoto.pl\/t\/wp-content\/uploads\/2025\/01\/0805-28-768x499.jpg 768w\" sizes=\"auto, (max-width: 1000px) 100vw, 1000px\" \/><\/figure>\n\n\n\n<div class=\"wp-block-group has-global-padding is-layout-constrained wp-block-group-is-layout-constrained\">\n<p>Taki sobie dziwny pojazd o numerze VT41, wyprodukowany w roku 1959, wozi\u0142 w\u00f3wczas pasa\u017cer\u00f3w z Seifhennerstorfu do Zittau przez czeski Varnsdorf pod bander\u0105 przewo\u017anika S\u00e4chsisch-B\u00f6hmische Eisenbahngesellschaft. 2008-04-04<\/p>\n<\/div>\n","protected":false},"excerpt":{"rendered":"<p>Taki sobie dziwny pojazd o numerze VT41, wyprodukowany w roku 1959, wozi\u0142 w\u00f3wczas pasa\u017cer\u00f3w z Seifhennerstorfu do Zittau przez czeski Varnsdorf pod bander\u0105 przewo\u017anika S\u00e4chsisch-B\u00f6hmische Eisenbahngesellschaft. 2008-04-04<\/p>\n","protected":false},"author":1,"featured_media":9522,"comment_status":"open","ping_status":"","sticky":false,"template":"","format":"standard","meta":{"footnotes":""},"categories":[62,2,120],"tags":[2906,49,249,2913,2911,2912],"class_list":["post-9521","post","type-post","status-publish","format-standard","has-post-thumbnail","hentry","category-analog","category-kolej","category-rok-2008","tag-2008-04-04","tag-czechy","tag-goscinne-wystepy","tag-sbe","tag-tab-cz089","tag-varnsdorf"],"_links":{"self":[{"href":"https:\/\/wgphoto.pl\/t\/index.php?rest_route=\/wp\/v2\/posts\/9521","targetHints":{"allow":["GET"]}}],"collection":[{"href":"https:\/\/wgphoto.pl\/t\/index.php?rest_route=\/wp\/v2\/posts"}],"about":[{"href":"https:\/\/wgphoto.pl\/t\/index.php?rest_route=\/wp\/v2\/types\/post"}],"author":[{"embeddable":true,"href":"https:\/\/wgphoto.pl\/t\/index.php?rest_route=\/wp\/v2\/users\/1"}],"replies":[{"embeddable":true,"href":"https:\/\/wgphoto.pl\/t\/index.php?rest_route=%2Fwp%2Fv2%2Fcomments&post=9521"}],"version-history":[{"count":1,"href":"https:\/\/wgphoto.pl\/t\/index.php?rest_route=\/wp\/v2\/posts\/9521\/revisions"}],"predecessor-version":[{"id":9523,"href":"https:\/\/wgphoto.pl\/t\/index.php?rest_route=\/wp\/v2\/posts\/9521\/revisions\/9523"}],"wp:featuredmedia":[{"embeddable":true,"href":"https:\/\/wgphoto.pl\/t\/index.php?rest_route=\/wp\/v2\/media\/9522"}],"wp:attachment":[{"href":"https:\/\/wgphoto.pl\/t\/index.php?rest_route=%2Fwp%2Fv2%2Fmedia&parent=9521"}],"wp:term":[{"taxonomy":"category","embeddable":true,"href":"https:\/\/wgphoto.pl\/t\/index.php?rest_route=%2Fwp%2Fv2%2Fcategories&post=9521"},{"taxonomy":"post_tag","embeddable":true,"href":"https:\/\/wgphoto.pl\/t\/index.php?rest_route=%2Fwp%2Fv2%2Ftags&post=9521"}],"curies":[{"name":"wp","href":"https:\/\/api.w.org\/{rel}","templated":true}]}}