{"id":9529,"date":"2025-01-12T12:46:23","date_gmt":"2025-01-12T11:46:23","guid":{"rendered":"https:\/\/wgphoto.pl\/t\/?p=9529"},"modified":"2025-01-12T12:46:23","modified_gmt":"2025-01-12T11:46:23","slug":"br180","status":"publish","type":"post","link":"https:\/\/wgphoto.pl\/t\/?p=9529","title":{"rendered":"BR180"},"content":{"rendered":"\n<figure class=\"wp-block-image aligncenter size-full\"><img loading=\"lazy\" decoding=\"async\" width=\"1200\" height=\"900\" src=\"https:\/\/wgphoto.pl\/t\/wp-content\/uploads\/2025\/01\/DSCF6604.jpg\" alt=\"\" class=\"wp-image-9530\" srcset=\"https:\/\/wgphoto.pl\/t\/wp-content\/uploads\/2025\/01\/DSCF6604.jpg 1200w, https:\/\/wgphoto.pl\/t\/wp-content\/uploads\/2025\/01\/DSCF6604-300x225.jpg 300w, https:\/\/wgphoto.pl\/t\/wp-content\/uploads\/2025\/01\/DSCF6604-768x576.jpg 768w\" sizes=\"auto, (max-width: 1200px) 100vw, 1200px\" \/><\/figure>\n\n\n\n<div class=\"wp-block-group has-global-padding is-layout-constrained wp-block-group-is-layout-constrained\">\n<p>Towar do Czech, prowadzony duetem maszyn serii 180 (z przodu 180.016) min\u0105\u0142 niedawno K\u00f6nigstein (S\u00e4chs Schweiz). Koleje Niemieckie wycofa\u0142y z ruchu te lokomotywy w 2014 roku, wszystkie sprzedano do Czech, gdzie cz\u0119\u015b\u0107 z nich je\u017adzi do dzi\u015b, kursuj\u0105c zreszt\u0105 po tej samej trasie. 04.04.2008<\/p>\n<\/div>\n","protected":false},"excerpt":{"rendered":"<p>Towar do Czech, prowadzony duetem maszyn serii 180 (z przodu 180.016) min\u0105\u0142 niedawno K\u00f6nigstein (S\u00e4chs Schweiz). Koleje Niemieckie wycofa\u0142y z ruchu te lokomotywy w 2014 roku, wszystkie sprzedano do Czech, gdzie cz\u0119\u015b\u0107 z nich je\u017adzi do dzi\u015b, kursuj\u0105c zreszt\u0105 po tej samej trasie. 04.04.2008<\/p>\n","protected":false},"author":1,"featured_media":9530,"comment_status":"open","ping_status":"","sticky":false,"template":"","format":"standard","meta":{"footnotes":""},"categories":[2,120],"tags":[801,2906,206,2907,23],"class_list":["post-9529","post","type-post","status-publish","format-standard","has-post-thumbnail","hentry","category-kolej","category-rok-2008","tag-801","tag-2008-04-04","tag-db","tag-konigstein","tag-niemcy"],"_links":{"self":[{"href":"https:\/\/wgphoto.pl\/t\/index.php?rest_route=\/wp\/v2\/posts\/9529","targetHints":{"allow":["GET"]}}],"collection":[{"href":"https:\/\/wgphoto.pl\/t\/index.php?rest_route=\/wp\/v2\/posts"}],"about":[{"href":"https:\/\/wgphoto.pl\/t\/index.php?rest_route=\/wp\/v2\/types\/post"}],"author":[{"embeddable":true,"href":"https:\/\/wgphoto.pl\/t\/index.php?rest_route=\/wp\/v2\/users\/1"}],"replies":[{"embeddable":true,"href":"https:\/\/wgphoto.pl\/t\/index.php?rest_route=%2Fwp%2Fv2%2Fcomments&post=9529"}],"version-history":[{"count":1,"href":"https:\/\/wgphoto.pl\/t\/index.php?rest_route=\/wp\/v2\/posts\/9529\/revisions"}],"predecessor-version":[{"id":9531,"href":"https:\/\/wgphoto.pl\/t\/index.php?rest_route=\/wp\/v2\/posts\/9529\/revisions\/9531"}],"wp:featuredmedia":[{"embeddable":true,"href":"https:\/\/wgphoto.pl\/t\/index.php?rest_route=\/wp\/v2\/media\/9530"}],"wp:attachment":[{"href":"https:\/\/wgphoto.pl\/t\/index.php?rest_route=%2Fwp%2Fv2%2Fmedia&parent=9529"}],"wp:term":[{"taxonomy":"category","embeddable":true,"href":"https:\/\/wgphoto.pl\/t\/index.php?rest_route=%2Fwp%2Fv2%2Fcategories&post=9529"},{"taxonomy":"post_tag","embeddable":true,"href":"https:\/\/wgphoto.pl\/t\/index.php?rest_route=%2Fwp%2Fv2%2Ftags&post=9529"}],"curies":[{"name":"wp","href":"https:\/\/api.w.org\/{rel}","templated":true}]}}