{"id":9535,"date":"2025-01-12T12:48:33","date_gmt":"2025-01-12T11:48:33","guid":{"rendered":"https:\/\/wgphoto.pl\/t\/?p=9535"},"modified":"2025-01-12T12:48:33","modified_gmt":"2025-01-12T11:48:33","slug":"skoda-w-dreznie","status":"publish","type":"post","link":"https:\/\/wgphoto.pl\/t\/?p=9535","title":{"rendered":"\u0160koda w Dre\u017anie"},"content":{"rendered":"\n<figure class=\"wp-block-image aligncenter size-full\"><img loading=\"lazy\" decoding=\"async\" width=\"1200\" height=\"800\" src=\"https:\/\/wgphoto.pl\/t\/wp-content\/uploads\/2025\/01\/DSCF6675.jpg\" alt=\"\" class=\"wp-image-9536\" srcset=\"https:\/\/wgphoto.pl\/t\/wp-content\/uploads\/2025\/01\/DSCF6675.jpg 1200w, https:\/\/wgphoto.pl\/t\/wp-content\/uploads\/2025\/01\/DSCF6675-300x200.jpg 300w, https:\/\/wgphoto.pl\/t\/wp-content\/uploads\/2025\/01\/DSCF6675-768x512.jpg 768w\" sizes=\"auto, (max-width: 1200px) 100vw, 1200px\" \/><\/figure>\n\n\n\n<div class=\"wp-block-group has-global-padding is-layout-constrained wp-block-group-is-layout-constrained\">\n<p>Dresden Hbf. Czeski elektrow\u00f3z 371 002-7 zmienia (niewidoczn\u0105) niemieck\u0105 BR101 w obs\u0142udze poci\u0105gu EC371 relacji Ostseebad Binz &#8211; Praha hl.n. 2008-04-05<\/p>\n<\/div>\n","protected":false},"excerpt":{"rendered":"<p>Dresden Hbf. Czeski elektrow\u00f3z 371 002-7 zmienia (niewidoczn\u0105) niemieck\u0105 BR101 w obs\u0142udze poci\u0105gu EC371 relacji Ostseebad Binz &#8211; Praha hl.n. 2008-04-05<\/p>\n","protected":false},"author":1,"featured_media":9536,"comment_status":"open","ping_status":"","sticky":false,"template":"","format":"standard","meta":{"footnotes":""},"categories":[2,120],"tags":[2914,705,50,857,851,249,179,23],"class_list":["post-9535","post","type-post","status-publish","format-standard","has-post-thumbnail","hentry","category-kolej","category-rok-2008","tag-2008-04-05","tag-705","tag-cd","tag-dresden-hauptbahnhof","tag-drezno","tag-goscinne-wystepy","tag-hala-peronowa","tag-niemcy"],"_links":{"self":[{"href":"https:\/\/wgphoto.pl\/t\/index.php?rest_route=\/wp\/v2\/posts\/9535","targetHints":{"allow":["GET"]}}],"collection":[{"href":"https:\/\/wgphoto.pl\/t\/index.php?rest_route=\/wp\/v2\/posts"}],"about":[{"href":"https:\/\/wgphoto.pl\/t\/index.php?rest_route=\/wp\/v2\/types\/post"}],"author":[{"embeddable":true,"href":"https:\/\/wgphoto.pl\/t\/index.php?rest_route=\/wp\/v2\/users\/1"}],"replies":[{"embeddable":true,"href":"https:\/\/wgphoto.pl\/t\/index.php?rest_route=%2Fwp%2Fv2%2Fcomments&post=9535"}],"version-history":[{"count":1,"href":"https:\/\/wgphoto.pl\/t\/index.php?rest_route=\/wp\/v2\/posts\/9535\/revisions"}],"predecessor-version":[{"id":9537,"href":"https:\/\/wgphoto.pl\/t\/index.php?rest_route=\/wp\/v2\/posts\/9535\/revisions\/9537"}],"wp:featuredmedia":[{"embeddable":true,"href":"https:\/\/wgphoto.pl\/t\/index.php?rest_route=\/wp\/v2\/media\/9536"}],"wp:attachment":[{"href":"https:\/\/wgphoto.pl\/t\/index.php?rest_route=%2Fwp%2Fv2%2Fmedia&parent=9535"}],"wp:term":[{"taxonomy":"category","embeddable":true,"href":"https:\/\/wgphoto.pl\/t\/index.php?rest_route=%2Fwp%2Fv2%2Fcategories&post=9535"},{"taxonomy":"post_tag","embeddable":true,"href":"https:\/\/wgphoto.pl\/t\/index.php?rest_route=%2Fwp%2Fv2%2Ftags&post=9535"}],"curies":[{"name":"wp","href":"https:\/\/api.w.org\/{rel}","templated":true}]}}