{"id":9551,"date":"2025-01-12T20:52:16","date_gmt":"2025-01-12T19:52:16","guid":{"rendered":"https:\/\/wgphoto.pl\/t\/?p=9551"},"modified":"2025-01-12T20:52:16","modified_gmt":"2025-01-12T19:52:16","slug":"wezel-przesiadkowy","status":"publish","type":"post","link":"https:\/\/wgphoto.pl\/t\/?p=9551","title":{"rendered":"W\u0119ze\u0142 przesiadkowy"},"content":{"rendered":"\n<figure class=\"wp-block-image aligncenter size-full\"><img loading=\"lazy\" decoding=\"async\" width=\"1000\" height=\"750\" src=\"https:\/\/wgphoto.pl\/t\/wp-content\/uploads\/2025\/01\/dscf6648.jpg\" alt=\"\" class=\"wp-image-9552\" srcset=\"https:\/\/wgphoto.pl\/t\/wp-content\/uploads\/2025\/01\/dscf6648.jpg 1000w, https:\/\/wgphoto.pl\/t\/wp-content\/uploads\/2025\/01\/dscf6648-300x225.jpg 300w, https:\/\/wgphoto.pl\/t\/wp-content\/uploads\/2025\/01\/dscf6648-768x576.jpg 768w\" sizes=\"auto, (max-width: 1000px) 100vw, 1000px\" \/><\/figure>\n\n\n\n<div class=\"wp-block-group has-global-padding is-layout-constrained wp-block-group-is-layout-constrained\">\n<p>Postplatz &#8211; g\u0142\u00f3wny w\u0119ze\u0142 przesiadkowy w Dre\u017anie. Jest z pewno\u015bci\u0105 wygodny, bo nie ma tu sygnalizacji \u015bwietlnych ani ruchu pojazd\u00f3w indywidualnych, ale niekt\u00f3rych mog\u0105 odstrasza\u0107 przystanki\u2026 potr\u00f3jne. 2008-04-05<\/p>\n<\/div>\n","protected":false},"excerpt":{"rendered":"<p>Postplatz &#8211; g\u0142\u00f3wny w\u0119ze\u0142 przesiadkowy w Dre\u017anie. Jest z pewno\u015bci\u0105 wygodny, bo nie ma tu sygnalizacji \u015bwietlnych ani ruchu pojazd\u00f3w indywidualnych, ale niekt\u00f3rych mog\u0105 odstrasza\u0107 przystanki\u2026 potr\u00f3jne. 2008-04-05<\/p>\n","protected":false},"author":1,"featured_media":9552,"comment_status":"open","ping_status":"","sticky":false,"template":"","format":"standard","meta":{"footnotes":""},"categories":[120,3],"tags":[2914,1126,851,850,230,23],"class_list":["post-9551","post","type-post","status-publish","format-standard","has-post-thumbnail","hentry","category-rok-2008","category-tramwaj","tag-2008-04-05","tag-bombardier-flexity-classic","tag-drezno","tag-dvb-dresden","tag-infrastruktura","tag-niemcy"],"_links":{"self":[{"href":"https:\/\/wgphoto.pl\/t\/index.php?rest_route=\/wp\/v2\/posts\/9551","targetHints":{"allow":["GET"]}}],"collection":[{"href":"https:\/\/wgphoto.pl\/t\/index.php?rest_route=\/wp\/v2\/posts"}],"about":[{"href":"https:\/\/wgphoto.pl\/t\/index.php?rest_route=\/wp\/v2\/types\/post"}],"author":[{"embeddable":true,"href":"https:\/\/wgphoto.pl\/t\/index.php?rest_route=\/wp\/v2\/users\/1"}],"replies":[{"embeddable":true,"href":"https:\/\/wgphoto.pl\/t\/index.php?rest_route=%2Fwp%2Fv2%2Fcomments&post=9551"}],"version-history":[{"count":1,"href":"https:\/\/wgphoto.pl\/t\/index.php?rest_route=\/wp\/v2\/posts\/9551\/revisions"}],"predecessor-version":[{"id":9553,"href":"https:\/\/wgphoto.pl\/t\/index.php?rest_route=\/wp\/v2\/posts\/9551\/revisions\/9553"}],"wp:featuredmedia":[{"embeddable":true,"href":"https:\/\/wgphoto.pl\/t\/index.php?rest_route=\/wp\/v2\/media\/9552"}],"wp:attachment":[{"href":"https:\/\/wgphoto.pl\/t\/index.php?rest_route=%2Fwp%2Fv2%2Fmedia&parent=9551"}],"wp:term":[{"taxonomy":"category","embeddable":true,"href":"https:\/\/wgphoto.pl\/t\/index.php?rest_route=%2Fwp%2Fv2%2Fcategories&post=9551"},{"taxonomy":"post_tag","embeddable":true,"href":"https:\/\/wgphoto.pl\/t\/index.php?rest_route=%2Fwp%2Fv2%2Ftags&post=9551"}],"curies":[{"name":"wp","href":"https:\/\/api.w.org\/{rel}","templated":true}]}}