{"id":9554,"date":"2025-01-12T20:53:14","date_gmt":"2025-01-12T19:53:14","guid":{"rendered":"https:\/\/wgphoto.pl\/t\/?p=9554"},"modified":"2025-01-12T20:53:14","modified_gmt":"2025-01-12T19:53:14","slug":"ordnung","status":"publish","type":"post","link":"https:\/\/wgphoto.pl\/t\/?p=9554","title":{"rendered":"Ordnung"},"content":{"rendered":"\n<figure class=\"wp-block-image aligncenter size-full\"><img loading=\"lazy\" decoding=\"async\" width=\"1000\" height=\"650\" src=\"https:\/\/wgphoto.pl\/t\/wp-content\/uploads\/2025\/01\/0805-32.jpg\" alt=\"\" class=\"wp-image-9555\" srcset=\"https:\/\/wgphoto.pl\/t\/wp-content\/uploads\/2025\/01\/0805-32.jpg 1000w, https:\/\/wgphoto.pl\/t\/wp-content\/uploads\/2025\/01\/0805-32-300x195.jpg 300w, https:\/\/wgphoto.pl\/t\/wp-content\/uploads\/2025\/01\/0805-32-768x499.jpg 768w\" sizes=\"auto, (max-width: 1000px) 100vw, 1000px\" \/><\/figure>\n\n\n\n<div class=\"wp-block-group has-global-padding is-layout-constrained wp-block-group-is-layout-constrained\">\n<p>Tr\u00f3jka odje\u017cd\u017ca z przystanku C\u00e4mmerswalder Stra\u00dfe, kt\u00f3rego najbli\u017csze otoczenie prezentuje si\u0119 bardzo schludnie. 2008-04-05<\/p>\n<\/div>\n","protected":false},"excerpt":{"rendered":"<p>Tr\u00f3jka odje\u017cd\u017ca z przystanku C\u00e4mmerswalder Stra\u00dfe, kt\u00f3rego najbli\u017csze otoczenie prezentuje si\u0119 bardzo schludnie. 2008-04-05<\/p>\n","protected":false},"author":1,"featured_media":9555,"comment_status":"open","ping_status":"","sticky":false,"template":"","format":"standard","meta":{"footnotes":""},"categories":[62,120,3],"tags":[2914,1126,851,850,23],"class_list":["post-9554","post","type-post","status-publish","format-standard","has-post-thumbnail","hentry","category-analog","category-rok-2008","category-tramwaj","tag-2008-04-05","tag-bombardier-flexity-classic","tag-drezno","tag-dvb-dresden","tag-niemcy"],"_links":{"self":[{"href":"https:\/\/wgphoto.pl\/t\/index.php?rest_route=\/wp\/v2\/posts\/9554","targetHints":{"allow":["GET"]}}],"collection":[{"href":"https:\/\/wgphoto.pl\/t\/index.php?rest_route=\/wp\/v2\/posts"}],"about":[{"href":"https:\/\/wgphoto.pl\/t\/index.php?rest_route=\/wp\/v2\/types\/post"}],"author":[{"embeddable":true,"href":"https:\/\/wgphoto.pl\/t\/index.php?rest_route=\/wp\/v2\/users\/1"}],"replies":[{"embeddable":true,"href":"https:\/\/wgphoto.pl\/t\/index.php?rest_route=%2Fwp%2Fv2%2Fcomments&post=9554"}],"version-history":[{"count":1,"href":"https:\/\/wgphoto.pl\/t\/index.php?rest_route=\/wp\/v2\/posts\/9554\/revisions"}],"predecessor-version":[{"id":9556,"href":"https:\/\/wgphoto.pl\/t\/index.php?rest_route=\/wp\/v2\/posts\/9554\/revisions\/9556"}],"wp:featuredmedia":[{"embeddable":true,"href":"https:\/\/wgphoto.pl\/t\/index.php?rest_route=\/wp\/v2\/media\/9555"}],"wp:attachment":[{"href":"https:\/\/wgphoto.pl\/t\/index.php?rest_route=%2Fwp%2Fv2%2Fmedia&parent=9554"}],"wp:term":[{"taxonomy":"category","embeddable":true,"href":"https:\/\/wgphoto.pl\/t\/index.php?rest_route=%2Fwp%2Fv2%2Fcategories&post=9554"},{"taxonomy":"post_tag","embeddable":true,"href":"https:\/\/wgphoto.pl\/t\/index.php?rest_route=%2Fwp%2Fv2%2Ftags&post=9554"}],"curies":[{"name":"wp","href":"https:\/\/api.w.org\/{rel}","templated":true}]}}