{"id":9557,"date":"2025-01-12T20:54:09","date_gmt":"2025-01-12T19:54:09","guid":{"rendered":"https:\/\/wgphoto.pl\/t\/?p=9557"},"modified":"2025-01-12T20:54:09","modified_gmt":"2025-01-12T19:54:09","slug":"koszyce","status":"publish","type":"post","link":"https:\/\/wgphoto.pl\/t\/?p=9557","title":{"rendered":"Koszyce"},"content":{"rendered":"\n<figure class=\"wp-block-image aligncenter size-full\"><img loading=\"lazy\" decoding=\"async\" width=\"1000\" height=\"667\" src=\"https:\/\/wgphoto.pl\/t\/wp-content\/uploads\/2025\/01\/dscf6653.jpg\" alt=\"\" class=\"wp-image-9558\" srcset=\"https:\/\/wgphoto.pl\/t\/wp-content\/uploads\/2025\/01\/dscf6653.jpg 1000w, https:\/\/wgphoto.pl\/t\/wp-content\/uploads\/2025\/01\/dscf6653-300x200.jpg 300w, https:\/\/wgphoto.pl\/t\/wp-content\/uploads\/2025\/01\/dscf6653-768x512.jpg 768w\" sizes=\"auto, (max-width: 1000px) 100vw, 1000px\" \/><\/figure>\n\n\n\n<div class=\"wp-block-group has-global-padding is-layout-constrained wp-block-group-is-layout-constrained\">\n<p>Tramwaj linii 3 za moment zako\u0144czy kurs na p\u0119tli Cosch\u00fctz. Nowy tabor, r\u00f3wna nawierzchnia, a 10 lat temu pewnie \u015bmiga\u0142y tu sk\u0142ady tatr po szynach po\u0142o\u017conych pomi\u0119dzy kostk\u0105 brukow\u0105. 2008-04-05<\/p>\n<\/div>\n","protected":false},"excerpt":{"rendered":"<p>Tramwaj linii 3 za moment zako\u0144czy kurs na p\u0119tli Cosch\u00fctz. Nowy tabor, r\u00f3wna nawierzchnia, a 10 lat temu pewnie \u015bmiga\u0142y tu sk\u0142ady tatr po szynach po\u0142o\u017conych pomi\u0119dzy kostk\u0105 brukow\u0105. 2008-04-05<\/p>\n","protected":false},"author":1,"featured_media":9558,"comment_status":"open","ping_status":"","sticky":false,"template":"","format":"standard","meta":{"footnotes":""},"categories":[120,3],"tags":[2914,1126,851,850,23],"class_list":["post-9557","post","type-post","status-publish","format-standard","has-post-thumbnail","hentry","category-rok-2008","category-tramwaj","tag-2008-04-05","tag-bombardier-flexity-classic","tag-drezno","tag-dvb-dresden","tag-niemcy"],"_links":{"self":[{"href":"https:\/\/wgphoto.pl\/t\/index.php?rest_route=\/wp\/v2\/posts\/9557","targetHints":{"allow":["GET"]}}],"collection":[{"href":"https:\/\/wgphoto.pl\/t\/index.php?rest_route=\/wp\/v2\/posts"}],"about":[{"href":"https:\/\/wgphoto.pl\/t\/index.php?rest_route=\/wp\/v2\/types\/post"}],"author":[{"embeddable":true,"href":"https:\/\/wgphoto.pl\/t\/index.php?rest_route=\/wp\/v2\/users\/1"}],"replies":[{"embeddable":true,"href":"https:\/\/wgphoto.pl\/t\/index.php?rest_route=%2Fwp%2Fv2%2Fcomments&post=9557"}],"version-history":[{"count":1,"href":"https:\/\/wgphoto.pl\/t\/index.php?rest_route=\/wp\/v2\/posts\/9557\/revisions"}],"predecessor-version":[{"id":9559,"href":"https:\/\/wgphoto.pl\/t\/index.php?rest_route=\/wp\/v2\/posts\/9557\/revisions\/9559"}],"wp:featuredmedia":[{"embeddable":true,"href":"https:\/\/wgphoto.pl\/t\/index.php?rest_route=\/wp\/v2\/media\/9558"}],"wp:attachment":[{"href":"https:\/\/wgphoto.pl\/t\/index.php?rest_route=%2Fwp%2Fv2%2Fmedia&parent=9557"}],"wp:term":[{"taxonomy":"category","embeddable":true,"href":"https:\/\/wgphoto.pl\/t\/index.php?rest_route=%2Fwp%2Fv2%2Fcategories&post=9557"},{"taxonomy":"post_tag","embeddable":true,"href":"https:\/\/wgphoto.pl\/t\/index.php?rest_route=%2Fwp%2Fv2%2Ftags&post=9557"}],"curies":[{"name":"wp","href":"https:\/\/api.w.org\/{rel}","templated":true}]}}