{"id":9563,"date":"2025-01-12T20:56:04","date_gmt":"2025-01-12T19:56:04","guid":{"rendered":"https:\/\/wgphoto.pl\/t\/?p=9563"},"modified":"2025-01-12T20:56:04","modified_gmt":"2025-01-12T19:56:04","slug":"spod-dworca-4","status":"publish","type":"post","link":"https:\/\/wgphoto.pl\/t\/?p=9563","title":{"rendered":"Spod dworca"},"content":{"rendered":"\n<figure class=\"wp-block-image aligncenter size-full\"><img loading=\"lazy\" decoding=\"async\" width=\"1000\" height=\"750\" src=\"https:\/\/wgphoto.pl\/t\/wp-content\/uploads\/2025\/01\/dscf6668.jpg\" alt=\"\" class=\"wp-image-9564\" srcset=\"https:\/\/wgphoto.pl\/t\/wp-content\/uploads\/2025\/01\/dscf6668.jpg 1000w, https:\/\/wgphoto.pl\/t\/wp-content\/uploads\/2025\/01\/dscf6668-300x225.jpg 300w, https:\/\/wgphoto.pl\/t\/wp-content\/uploads\/2025\/01\/dscf6668-768x576.jpg 768w\" sizes=\"auto, (max-width: 1000px) 100vw, 1000px\" \/><\/figure>\n\n\n\n<div class=\"wp-block-group has-global-padding is-layout-constrained wp-block-group-is-layout-constrained\">\n<p>Drezno, Am Hauptbahnhof. Jeden z nielicznych Bombardier\u00f3w w reklamie zatrzymuje si\u0119 na przystanku po\u0142o\u017conym tu\u017c przy wej\u015bciu do budynku dworcowego. A w tle &#8211; wsp\u00f3\u0142czesna zabudowa drezde\u0144skiego centrum. 2008-04-05<\/p>\n<\/div>\n","protected":false},"excerpt":{"rendered":"<p>Drezno, Am Hauptbahnhof. Jeden z nielicznych Bombardier\u00f3w w reklamie zatrzymuje si\u0119 na przystanku po\u0142o\u017conym tu\u017c przy wej\u015bciu do budynku dworcowego. A w tle &#8211; wsp\u00f3\u0142czesna zabudowa drezde\u0144skiego centrum. 2008-04-05<\/p>\n","protected":false},"author":1,"featured_media":9564,"comment_status":"open","ping_status":"","sticky":false,"template":"","format":"standard","meta":{"footnotes":""},"categories":[120,3],"tags":[2914,1126,851,850,23,380],"class_list":["post-9563","post","type-post","status-publish","format-standard","has-post-thumbnail","hentry","category-rok-2008","category-tramwaj","tag-2008-04-05","tag-bombardier-flexity-classic","tag-drezno","tag-dvb-dresden","tag-niemcy","tag-spod-dworca"],"_links":{"self":[{"href":"https:\/\/wgphoto.pl\/t\/index.php?rest_route=\/wp\/v2\/posts\/9563","targetHints":{"allow":["GET"]}}],"collection":[{"href":"https:\/\/wgphoto.pl\/t\/index.php?rest_route=\/wp\/v2\/posts"}],"about":[{"href":"https:\/\/wgphoto.pl\/t\/index.php?rest_route=\/wp\/v2\/types\/post"}],"author":[{"embeddable":true,"href":"https:\/\/wgphoto.pl\/t\/index.php?rest_route=\/wp\/v2\/users\/1"}],"replies":[{"embeddable":true,"href":"https:\/\/wgphoto.pl\/t\/index.php?rest_route=%2Fwp%2Fv2%2Fcomments&post=9563"}],"version-history":[{"count":1,"href":"https:\/\/wgphoto.pl\/t\/index.php?rest_route=\/wp\/v2\/posts\/9563\/revisions"}],"predecessor-version":[{"id":9565,"href":"https:\/\/wgphoto.pl\/t\/index.php?rest_route=\/wp\/v2\/posts\/9563\/revisions\/9565"}],"wp:featuredmedia":[{"embeddable":true,"href":"https:\/\/wgphoto.pl\/t\/index.php?rest_route=\/wp\/v2\/media\/9564"}],"wp:attachment":[{"href":"https:\/\/wgphoto.pl\/t\/index.php?rest_route=%2Fwp%2Fv2%2Fmedia&parent=9563"}],"wp:term":[{"taxonomy":"category","embeddable":true,"href":"https:\/\/wgphoto.pl\/t\/index.php?rest_route=%2Fwp%2Fv2%2Fcategories&post=9563"},{"taxonomy":"post_tag","embeddable":true,"href":"https:\/\/wgphoto.pl\/t\/index.php?rest_route=%2Fwp%2Fv2%2Ftags&post=9563"}],"curies":[{"name":"wp","href":"https:\/\/api.w.org\/{rel}","templated":true}]}}