{"id":9581,"date":"2025-01-12T21:27:45","date_gmt":"2025-01-12T20:27:45","guid":{"rendered":"https:\/\/wgphoto.pl\/t\/?p=9581"},"modified":"2025-01-12T21:27:45","modified_gmt":"2025-01-12T20:27:45","slug":"tramwaj-i-morze","status":"publish","type":"post","link":"https:\/\/wgphoto.pl\/t\/?p=9581","title":{"rendered":"Tramwaj i morze"},"content":{"rendered":"\n<figure class=\"wp-block-image aligncenter size-full\"><img loading=\"lazy\" decoding=\"async\" width=\"1200\" height=\"795\" src=\"https:\/\/wgphoto.pl\/t\/wp-content\/uploads\/2025\/01\/IMGP8066.jpg\" alt=\"\" class=\"wp-image-9582\" srcset=\"https:\/\/wgphoto.pl\/t\/wp-content\/uploads\/2025\/01\/IMGP8066.jpg 1200w, https:\/\/wgphoto.pl\/t\/wp-content\/uploads\/2025\/01\/IMGP8066-300x199.jpg 300w, https:\/\/wgphoto.pl\/t\/wp-content\/uploads\/2025\/01\/IMGP8066-768x509.jpg 768w\" sizes=\"auto, (max-width: 1200px) 100vw, 1200px\" \/><\/figure>\n\n\n\n<div class=\"wp-block-group has-global-padding is-layout-constrained wp-block-group-is-layout-constrained\">\n<p>Paleo Faliro, Achilleos. Tramwaj linii 5 (jednej z trzech tutejszych) po odstaniu karnej rundy dosta\u0142 wreszcie faz\u0119 do skr\u0119tu z nadmorskiej arterii. Pomimo wszelkiej &#8222;nowoczesno\u015bci&#8221; ate\u0144skiego tramwaju, uruchomionego w 2004 roku, w takich miejscach jak powy\u017csze tramwaj nie posiada priorytetu wzgl\u0119dem ruchu pojazd\u00f3w indywidualnych, co skutkuje do\u015b\u0107 d\u0142ug\u0105 st\u00f3jk\u0105 pod sygnalizatorem. 06.11.2014<\/p>\n<\/div>\n","protected":false},"excerpt":{"rendered":"<p>Paleo Faliro, Achilleos. Tramwaj linii 5 (jednej z trzech tutejszych) po odstaniu karnej rundy dosta\u0142 wreszcie faz\u0119 do skr\u0119tu z nadmorskiej arterii. Pomimo wszelkiej &#8222;nowoczesno\u015bci&#8221; ate\u0144skiego tramwaju, uruchomionego w 2004 roku, w takich miejscach jak powy\u017csze tramwaj nie posiada priorytetu wzgl\u0119dem ruchu pojazd\u00f3w indywidualnych, co skutkuje do\u015b\u0107 d\u0142ug\u0105 st\u00f3jk\u0105 pod sygnalizatorem. 06.11.2014<\/p>\n","protected":false},"author":1,"featured_media":9582,"comment_status":"open","ping_status":"","sticky":false,"template":"","format":"standard","meta":{"footnotes":""},"categories":[48,3],"tags":[1016,1015,1014,116,831,181],"class_list":["post-9581","post","type-post","status-publish","format-standard","has-post-thumbnail","hentry","category-rok-2014","category-tramwaj","tag-2014-11-06","tag-ateny","tag-grecja","tag-morze","tag-sirio","tag-slonce"],"_links":{"self":[{"href":"https:\/\/wgphoto.pl\/t\/index.php?rest_route=\/wp\/v2\/posts\/9581","targetHints":{"allow":["GET"]}}],"collection":[{"href":"https:\/\/wgphoto.pl\/t\/index.php?rest_route=\/wp\/v2\/posts"}],"about":[{"href":"https:\/\/wgphoto.pl\/t\/index.php?rest_route=\/wp\/v2\/types\/post"}],"author":[{"embeddable":true,"href":"https:\/\/wgphoto.pl\/t\/index.php?rest_route=\/wp\/v2\/users\/1"}],"replies":[{"embeddable":true,"href":"https:\/\/wgphoto.pl\/t\/index.php?rest_route=%2Fwp%2Fv2%2Fcomments&post=9581"}],"version-history":[{"count":1,"href":"https:\/\/wgphoto.pl\/t\/index.php?rest_route=\/wp\/v2\/posts\/9581\/revisions"}],"predecessor-version":[{"id":9583,"href":"https:\/\/wgphoto.pl\/t\/index.php?rest_route=\/wp\/v2\/posts\/9581\/revisions\/9583"}],"wp:featuredmedia":[{"embeddable":true,"href":"https:\/\/wgphoto.pl\/t\/index.php?rest_route=\/wp\/v2\/media\/9582"}],"wp:attachment":[{"href":"https:\/\/wgphoto.pl\/t\/index.php?rest_route=%2Fwp%2Fv2%2Fmedia&parent=9581"}],"wp:term":[{"taxonomy":"category","embeddable":true,"href":"https:\/\/wgphoto.pl\/t\/index.php?rest_route=%2Fwp%2Fv2%2Fcategories&post=9581"},{"taxonomy":"post_tag","embeddable":true,"href":"https:\/\/wgphoto.pl\/t\/index.php?rest_route=%2Fwp%2Fv2%2Ftags&post=9581"}],"curies":[{"name":"wp","href":"https:\/\/api.w.org\/{rel}","templated":true}]}}