{"id":9587,"date":"2025-01-12T21:29:34","date_gmt":"2025-01-12T20:29:34","guid":{"rendered":"https:\/\/wgphoto.pl\/t\/?p=9587"},"modified":"2025-01-12T21:29:34","modified_gmt":"2025-01-12T20:29:34","slug":"deficyt-morza-nad-morzem","status":"publish","type":"post","link":"https:\/\/wgphoto.pl\/t\/?p=9587","title":{"rendered":"Deficyt morza nad morzem"},"content":{"rendered":"\n<figure class=\"wp-block-image aligncenter size-full\"><img loading=\"lazy\" decoding=\"async\" width=\"1200\" height=\"795\" src=\"https:\/\/wgphoto.pl\/t\/wp-content\/uploads\/2025\/01\/IMGP7908.jpg\" alt=\"\" class=\"wp-image-9588\" srcset=\"https:\/\/wgphoto.pl\/t\/wp-content\/uploads\/2025\/01\/IMGP7908.jpg 1200w, https:\/\/wgphoto.pl\/t\/wp-content\/uploads\/2025\/01\/IMGP7908-300x199.jpg 300w, https:\/\/wgphoto.pl\/t\/wp-content\/uploads\/2025\/01\/IMGP7908-768x509.jpg 768w\" sizes=\"auto, (max-width: 1200px) 100vw, 1200px\" \/><\/figure>\n\n\n\n<div class=\"wp-block-group has-global-padding is-layout-constrained wp-block-group-is-layout-constrained\">\n<p>Alimos, Leoforos Posidonos. Mimo \u017ce po\u0142owa trasy ate\u0144skiego tramwaju prowadzi wzd\u0142u\u017c wybrze\u017ca, nie jest \u0142atwo sfotografowa\u0107 tramwaj ze s\u0142on\u0105 wod\u0105. To jedno z bardzo niewielu miejsc, gdzie jest to mo\u017cliwe. 06.11.2014<\/p>\n<\/div>\n","protected":false},"excerpt":{"rendered":"<p>Alimos, Leoforos Posidonos. Mimo \u017ce po\u0142owa trasy ate\u0144skiego tramwaju prowadzi wzd\u0142u\u017c wybrze\u017ca, nie jest \u0142atwo sfotografowa\u0107 tramwaj ze s\u0142on\u0105 wod\u0105. To jedno z bardzo niewielu miejsc, gdzie jest to mo\u017cliwe. 06.11.2014<\/p>\n","protected":false},"author":1,"featured_media":9588,"comment_status":"open","ping_status":"","sticky":false,"template":"","format":"standard","meta":{"footnotes":""},"categories":[48,3],"tags":[1016,1015,1014,116,831],"class_list":["post-9587","post","type-post","status-publish","format-standard","has-post-thumbnail","hentry","category-rok-2014","category-tramwaj","tag-2014-11-06","tag-ateny","tag-grecja","tag-morze","tag-sirio"],"_links":{"self":[{"href":"https:\/\/wgphoto.pl\/t\/index.php?rest_route=\/wp\/v2\/posts\/9587","targetHints":{"allow":["GET"]}}],"collection":[{"href":"https:\/\/wgphoto.pl\/t\/index.php?rest_route=\/wp\/v2\/posts"}],"about":[{"href":"https:\/\/wgphoto.pl\/t\/index.php?rest_route=\/wp\/v2\/types\/post"}],"author":[{"embeddable":true,"href":"https:\/\/wgphoto.pl\/t\/index.php?rest_route=\/wp\/v2\/users\/1"}],"replies":[{"embeddable":true,"href":"https:\/\/wgphoto.pl\/t\/index.php?rest_route=%2Fwp%2Fv2%2Fcomments&post=9587"}],"version-history":[{"count":1,"href":"https:\/\/wgphoto.pl\/t\/index.php?rest_route=\/wp\/v2\/posts\/9587\/revisions"}],"predecessor-version":[{"id":9589,"href":"https:\/\/wgphoto.pl\/t\/index.php?rest_route=\/wp\/v2\/posts\/9587\/revisions\/9589"}],"wp:featuredmedia":[{"embeddable":true,"href":"https:\/\/wgphoto.pl\/t\/index.php?rest_route=\/wp\/v2\/media\/9588"}],"wp:attachment":[{"href":"https:\/\/wgphoto.pl\/t\/index.php?rest_route=%2Fwp%2Fv2%2Fmedia&parent=9587"}],"wp:term":[{"taxonomy":"category","embeddable":true,"href":"https:\/\/wgphoto.pl\/t\/index.php?rest_route=%2Fwp%2Fv2%2Fcategories&post=9587"},{"taxonomy":"post_tag","embeddable":true,"href":"https:\/\/wgphoto.pl\/t\/index.php?rest_route=%2Fwp%2Fv2%2Ftags&post=9587"}],"curies":[{"name":"wp","href":"https:\/\/api.w.org\/{rel}","templated":true}]}}