{"id":9594,"date":"2025-01-12T21:31:53","date_gmt":"2025-01-12T20:31:53","guid":{"rendered":"https:\/\/wgphoto.pl\/t\/?p=9594"},"modified":"2025-01-12T21:31:53","modified_gmt":"2025-01-12T20:31:53","slug":"plazowanie","status":"publish","type":"post","link":"https:\/\/wgphoto.pl\/t\/?p=9594","title":{"rendered":"Pla\u017cowanie"},"content":{"rendered":"\n<figure class=\"wp-block-image aligncenter size-full\"><img loading=\"lazy\" decoding=\"async\" width=\"1300\" height=\"861\" src=\"https:\/\/wgphoto.pl\/t\/wp-content\/uploads\/2025\/01\/IMGP7939.jpg\" alt=\"\" class=\"wp-image-9595\" srcset=\"https:\/\/wgphoto.pl\/t\/wp-content\/uploads\/2025\/01\/IMGP7939.jpg 1300w, https:\/\/wgphoto.pl\/t\/wp-content\/uploads\/2025\/01\/IMGP7939-300x199.jpg 300w, https:\/\/wgphoto.pl\/t\/wp-content\/uploads\/2025\/01\/IMGP7939-768x509.jpg 768w\" sizes=\"auto, (max-width: 1300px) 100vw, 1300px\" \/><\/figure>\n\n\n\n<div class=\"wp-block-group has-global-padding is-layout-constrained wp-block-group-is-layout-constrained\">\n<p>Glifada, Diadochou Pavlou. Mimo \u017ce tramwaj z morzem sfotografowa\u0107 ci\u0119\u017cko, od drugiej strony wygl\u0105da to nieco lepiej. A na pla\u017cy sama geriatria &#8211; odnios\u0142em wra\u017cenie, jakby tubylcy zupe\u0142nie nie korzystali z urok\u00f3w blisko\u015bci morza. No chyba \u017ce o tej porze roku jest ju\u017c dla nich za zimno. \ud83d\ude09 2014-11-06<\/p>\n<\/div>\n","protected":false},"excerpt":{"rendered":"<p>Glifada, Diadochou Pavlou. Mimo \u017ce tramwaj z morzem sfotografowa\u0107 ci\u0119\u017cko, od drugiej strony wygl\u0105da to nieco lepiej. A na pla\u017cy sama geriatria &#8211; odnios\u0142em wra\u017cenie, jakby tubylcy zupe\u0142nie nie korzystali z urok\u00f3w blisko\u015bci morza. No chyba \u017ce o tej porze roku jest ju\u017c dla nich za zimno. \ud83d\ude09 2014-11-06<\/p>\n","protected":false},"author":1,"featured_media":9595,"comment_status":"open","ping_status":"","sticky":false,"template":"","format":"standard","meta":{"footnotes":""},"categories":[48,3],"tags":[1016,1015,1014,151,116,831],"class_list":["post-9594","post","type-post","status-publish","format-standard","has-post-thumbnail","hentry","category-rok-2014","category-tramwaj","tag-2014-11-06","tag-ateny","tag-grecja","tag-ludzie","tag-morze","tag-sirio"],"_links":{"self":[{"href":"https:\/\/wgphoto.pl\/t\/index.php?rest_route=\/wp\/v2\/posts\/9594","targetHints":{"allow":["GET"]}}],"collection":[{"href":"https:\/\/wgphoto.pl\/t\/index.php?rest_route=\/wp\/v2\/posts"}],"about":[{"href":"https:\/\/wgphoto.pl\/t\/index.php?rest_route=\/wp\/v2\/types\/post"}],"author":[{"embeddable":true,"href":"https:\/\/wgphoto.pl\/t\/index.php?rest_route=\/wp\/v2\/users\/1"}],"replies":[{"embeddable":true,"href":"https:\/\/wgphoto.pl\/t\/index.php?rest_route=%2Fwp%2Fv2%2Fcomments&post=9594"}],"version-history":[{"count":1,"href":"https:\/\/wgphoto.pl\/t\/index.php?rest_route=\/wp\/v2\/posts\/9594\/revisions"}],"predecessor-version":[{"id":9596,"href":"https:\/\/wgphoto.pl\/t\/index.php?rest_route=\/wp\/v2\/posts\/9594\/revisions\/9596"}],"wp:featuredmedia":[{"embeddable":true,"href":"https:\/\/wgphoto.pl\/t\/index.php?rest_route=\/wp\/v2\/media\/9595"}],"wp:attachment":[{"href":"https:\/\/wgphoto.pl\/t\/index.php?rest_route=%2Fwp%2Fv2%2Fmedia&parent=9594"}],"wp:term":[{"taxonomy":"category","embeddable":true,"href":"https:\/\/wgphoto.pl\/t\/index.php?rest_route=%2Fwp%2Fv2%2Fcategories&post=9594"},{"taxonomy":"post_tag","embeddable":true,"href":"https:\/\/wgphoto.pl\/t\/index.php?rest_route=%2Fwp%2Fv2%2Ftags&post=9594"}],"curies":[{"name":"wp","href":"https:\/\/api.w.org\/{rel}","templated":true}]}}