{"id":9600,"date":"2025-01-12T21:33:43","date_gmt":"2025-01-12T20:33:43","guid":{"rendered":"https:\/\/wgphoto.pl\/t\/?p=9600"},"modified":"2025-01-12T21:33:59","modified_gmt":"2025-01-12T20:33:59","slug":"arystoteles","status":"publish","type":"post","link":"https:\/\/wgphoto.pl\/t\/?p=9600","title":{"rendered":"Arystoteles"},"content":{"rendered":"\n<figure class=\"wp-block-image aligncenter size-full\"><img loading=\"lazy\" decoding=\"async\" width=\"1050\" height=\"700\" src=\"https:\/\/wgphoto.pl\/t\/wp-content\/uploads\/2025\/01\/IMGP8172.jpg\" alt=\"\" class=\"wp-image-9601\" srcset=\"https:\/\/wgphoto.pl\/t\/wp-content\/uploads\/2025\/01\/IMGP8172.jpg 1050w, https:\/\/wgphoto.pl\/t\/wp-content\/uploads\/2025\/01\/IMGP8172-300x200.jpg 300w, https:\/\/wgphoto.pl\/t\/wp-content\/uploads\/2025\/01\/IMGP8172-768x512.jpg 768w\" sizes=\"auto, (max-width: 1050px) 100vw, 1050px\" \/><\/figure>\n\n\n\n<div class=\"wp-block-group has-global-padding is-layout-constrained wp-block-group-is-layout-constrained\">\n<p>Paleo Faliro, Achilleos. Wagon nr 31 zatrzymuje si\u0119 na przystanku Panagitsa, bior\u0105cego sw\u0105 nazw\u0119 od widocznego w tle ko\u015bcio\u0142a o architekturze charakterystycznej dla tego rejonu \u015bwiata. Jako \u017ce \u0142adnie si\u0119 tutaj na\u015bwietli\u0142a tablica kierunkowa, dodam \u017ce ka\u017cda z trzech linii, opr\u00f3cz oznaczenia cyfrowego, posiada tak\u017ce &#8222;patrona&#8221;, kt\u00f3rego imi\u0119 prezentowane jest na czo\u0142owych wy\u015bwietlaczach. S\u0105 to kolejno: Tukidydes, Arystoteles i Platon. Widoczna poni\u017cej Syntagma jest nazw\u0105 przystanku ko\u0144cowego. 07.11.2014<\/p>\n<\/div>\n","protected":false},"excerpt":{"rendered":"<p>Paleo Faliro, Achilleos. Wagon nr 31 zatrzymuje si\u0119 na przystanku Panagitsa, bior\u0105cego sw\u0105 nazw\u0119 od widocznego w tle ko\u015bcio\u0142a o architekturze charakterystycznej dla tego rejonu \u015bwiata. Jako \u017ce \u0142adnie si\u0119 tutaj na\u015bwietli\u0142a tablica kierunkowa, dodam \u017ce ka\u017cda z trzech linii, opr\u00f3cz oznaczenia cyfrowego, posiada tak\u017ce &#8222;patrona&#8221;, kt\u00f3rego imi\u0119 prezentowane jest na czo\u0142owych wy\u015bwietlaczach. S\u0105 to [&hellip;]<\/p>\n","protected":false},"author":1,"featured_media":9601,"comment_status":"open","ping_status":"","sticky":false,"template":"","format":"standard","meta":{"footnotes":""},"categories":[48,3],"tags":[1422,34,1015,1014,1113,831],"class_list":["post-9600","post","type-post","status-publish","format-standard","has-post-thumbnail","hentry","category-rok-2014","category-tramwaj","tag-2014-11-07","tag-architektura","tag-ateny","tag-grecja","tag-roslinnosc","tag-sirio"],"_links":{"self":[{"href":"https:\/\/wgphoto.pl\/t\/index.php?rest_route=\/wp\/v2\/posts\/9600","targetHints":{"allow":["GET"]}}],"collection":[{"href":"https:\/\/wgphoto.pl\/t\/index.php?rest_route=\/wp\/v2\/posts"}],"about":[{"href":"https:\/\/wgphoto.pl\/t\/index.php?rest_route=\/wp\/v2\/types\/post"}],"author":[{"embeddable":true,"href":"https:\/\/wgphoto.pl\/t\/index.php?rest_route=\/wp\/v2\/users\/1"}],"replies":[{"embeddable":true,"href":"https:\/\/wgphoto.pl\/t\/index.php?rest_route=%2Fwp%2Fv2%2Fcomments&post=9600"}],"version-history":[{"count":1,"href":"https:\/\/wgphoto.pl\/t\/index.php?rest_route=\/wp\/v2\/posts\/9600\/revisions"}],"predecessor-version":[{"id":9602,"href":"https:\/\/wgphoto.pl\/t\/index.php?rest_route=\/wp\/v2\/posts\/9600\/revisions\/9602"}],"wp:featuredmedia":[{"embeddable":true,"href":"https:\/\/wgphoto.pl\/t\/index.php?rest_route=\/wp\/v2\/media\/9601"}],"wp:attachment":[{"href":"https:\/\/wgphoto.pl\/t\/index.php?rest_route=%2Fwp%2Fv2%2Fmedia&parent=9600"}],"wp:term":[{"taxonomy":"category","embeddable":true,"href":"https:\/\/wgphoto.pl\/t\/index.php?rest_route=%2Fwp%2Fv2%2Fcategories&post=9600"},{"taxonomy":"post_tag","embeddable":true,"href":"https:\/\/wgphoto.pl\/t\/index.php?rest_route=%2Fwp%2Fv2%2Ftags&post=9600"}],"curies":[{"name":"wp","href":"https:\/\/api.w.org\/{rel}","templated":true}]}}