{"id":9606,"date":"2025-01-13T18:34:55","date_gmt":"2025-01-13T17:34:55","guid":{"rendered":"https:\/\/wgphoto.pl\/t\/?p=9606"},"modified":"2025-01-13T18:34:55","modified_gmt":"2025-01-13T17:34:55","slug":"do-vladimirescu-und-zuruck","status":"publish","type":"post","link":"https:\/\/wgphoto.pl\/t\/?p=9606","title":{"rendered":"Do Vladimirescu und zur\u00fcck"},"content":{"rendered":"\n<figure class=\"wp-block-image aligncenter size-full\"><img loading=\"lazy\" decoding=\"async\" width=\"1300\" height=\"861\" src=\"https:\/\/wgphoto.pl\/t\/wp-content\/uploads\/2025\/01\/IMGP1986.jpg\" alt=\"\" class=\"wp-image-9607\" srcset=\"https:\/\/wgphoto.pl\/t\/wp-content\/uploads\/2025\/01\/IMGP1986.jpg 1300w, https:\/\/wgphoto.pl\/t\/wp-content\/uploads\/2025\/01\/IMGP1986-300x199.jpg 300w, https:\/\/wgphoto.pl\/t\/wp-content\/uploads\/2025\/01\/IMGP1986-768x509.jpg 768w\" sizes=\"auto, (max-width: 1300px) 100vw, 1300px\" \/><\/figure>\n\n\n\n<div class=\"wp-block-group has-global-padding is-layout-constrained wp-block-group-is-layout-constrained\">\n<p>Wn\u0119trze wagonu 33, pe\u0142ne komunikat\u00f3w pami\u0119taj\u0105cych Innsbruck. 2015-08-19<\/p>\n<\/div>\n","protected":false},"excerpt":{"rendered":"<p>Wn\u0119trze wagonu 33, pe\u0142ne komunikat\u00f3w pami\u0119taj\u0105cych Innsbruck. 2015-08-19<\/p>\n","protected":false},"author":1,"featured_media":9607,"comment_status":"open","ping_status":"","sticky":false,"template":"","format":"standard","meta":{"footnotes":""},"categories":[220,104,3],"tags":[1173,1178,1177,13,101,176,574,561,1892,107,454],"class_list":["post-9606","post","type-post","status-publish","format-standard","has-post-thumbnail","hentry","category-blo","category-rok-2015","category-tramwaj","tag-2015-08-19","tag-arad","tag-ctp-arad","tag-deszcz","tag-gt6","tag-rano","tag-rumunia","tag-tramwaj-podmiejski","tag-vladimirescu","tag-wakacje-2015","tag-wnetrza-pojazdow"],"_links":{"self":[{"href":"https:\/\/wgphoto.pl\/t\/index.php?rest_route=\/wp\/v2\/posts\/9606","targetHints":{"allow":["GET"]}}],"collection":[{"href":"https:\/\/wgphoto.pl\/t\/index.php?rest_route=\/wp\/v2\/posts"}],"about":[{"href":"https:\/\/wgphoto.pl\/t\/index.php?rest_route=\/wp\/v2\/types\/post"}],"author":[{"embeddable":true,"href":"https:\/\/wgphoto.pl\/t\/index.php?rest_route=\/wp\/v2\/users\/1"}],"replies":[{"embeddable":true,"href":"https:\/\/wgphoto.pl\/t\/index.php?rest_route=%2Fwp%2Fv2%2Fcomments&post=9606"}],"version-history":[{"count":1,"href":"https:\/\/wgphoto.pl\/t\/index.php?rest_route=\/wp\/v2\/posts\/9606\/revisions"}],"predecessor-version":[{"id":9608,"href":"https:\/\/wgphoto.pl\/t\/index.php?rest_route=\/wp\/v2\/posts\/9606\/revisions\/9608"}],"wp:featuredmedia":[{"embeddable":true,"href":"https:\/\/wgphoto.pl\/t\/index.php?rest_route=\/wp\/v2\/media\/9607"}],"wp:attachment":[{"href":"https:\/\/wgphoto.pl\/t\/index.php?rest_route=%2Fwp%2Fv2%2Fmedia&parent=9606"}],"wp:term":[{"taxonomy":"category","embeddable":true,"href":"https:\/\/wgphoto.pl\/t\/index.php?rest_route=%2Fwp%2Fv2%2Fcategories&post=9606"},{"taxonomy":"post_tag","embeddable":true,"href":"https:\/\/wgphoto.pl\/t\/index.php?rest_route=%2Fwp%2Fv2%2Ftags&post=9606"}],"curies":[{"name":"wp","href":"https:\/\/api.w.org\/{rel}","templated":true}]}}