{"id":9615,"date":"2025-01-13T18:38:25","date_gmt":"2025-01-13T17:38:25","guid":{"rendered":"https:\/\/wgphoto.pl\/t\/?p=9615"},"modified":"2025-01-13T18:38:25","modified_gmt":"2025-01-13T17:38:25","slug":"maranata","status":"publish","type":"post","link":"https:\/\/wgphoto.pl\/t\/?p=9615","title":{"rendered":"Maranata"},"content":{"rendered":"\n<figure class=\"wp-block-image aligncenter size-full\"><img loading=\"lazy\" decoding=\"async\" width=\"1200\" height=\"800\" src=\"https:\/\/wgphoto.pl\/t\/wp-content\/uploads\/2025\/01\/IMGP2022.jpg\" alt=\"\" class=\"wp-image-9616\" srcset=\"https:\/\/wgphoto.pl\/t\/wp-content\/uploads\/2025\/01\/IMGP2022.jpg 1200w, https:\/\/wgphoto.pl\/t\/wp-content\/uploads\/2025\/01\/IMGP2022-300x200.jpg 300w, https:\/\/wgphoto.pl\/t\/wp-content\/uploads\/2025\/01\/IMGP2022-768x512.jpg 768w\" sizes=\"auto, (max-width: 1200px) 100vw, 1200px\" \/><\/figure>\n\n\n\n<div class=\"wp-block-group has-global-padding is-layout-constrained wp-block-group-is-layout-constrained\">\n<p>Arad, Bulevardul Nicolae Titulescu. Sk\u0142ad wagon\u00f3w GT4 odjecha\u0142 z przystanku o nazwie jak w tytule. Wozy te, produkowane w RFN w latach 60-tych ubieg\u0142ego wieku, a wi\u0119c w chwili wykonania zdj\u0119cia licz\u0105ce sobie oko\u0142o 50 lat, by\u0142y dla mnie najwi\u0119ksz\u0105 zagadk\u0105 w tutejszym taborze. Nigdy wcze\u015bniej nie mia\u0142em okazji si\u0119 przejecha\u0107 takim pojazdem, a brak typowych skr\u0119tnych w\u00f3zk\u00f3w (przez co te wozy s\u0105 sztywniejsze od podobnych z pozoru konstrukcyjnie KT4) oraz wyposa\u017cenie m.in. w instalacj\u0119 pneumatyczn\u0105 (do drzwi i hamulca) czyni je zupe\u0142nie odmiennymi od popularnych D\u00fcwag\u00f3w. 19.08.2015<\/p>\n<\/div>\n","protected":false},"excerpt":{"rendered":"<p>Arad, Bulevardul Nicolae Titulescu. Sk\u0142ad wagon\u00f3w GT4 odjecha\u0142 z przystanku o nazwie jak w tytule. Wozy te, produkowane w RFN w latach 60-tych ubieg\u0142ego wieku, a wi\u0119c w chwili wykonania zdj\u0119cia licz\u0105ce sobie oko\u0142o 50 lat, by\u0142y dla mnie najwi\u0119ksz\u0105 zagadk\u0105 w tutejszym taborze. Nigdy wcze\u015bniej nie mia\u0142em okazji si\u0119 przejecha\u0107 takim pojazdem, a brak [&hellip;]<\/p>\n","protected":false},"author":1,"featured_media":9616,"comment_status":"open","ping_status":"","sticky":false,"template":"","format":"standard","meta":{"footnotes":""},"categories":[104,3],"tags":[1173,1178,1177,1174,574,107],"class_list":["post-9615","post","type-post","status-publish","format-standard","has-post-thumbnail","hentry","category-rok-2015","category-tramwaj","tag-2015-08-19","tag-arad","tag-ctp-arad","tag-gt4","tag-rumunia","tag-wakacje-2015"],"_links":{"self":[{"href":"https:\/\/wgphoto.pl\/t\/index.php?rest_route=\/wp\/v2\/posts\/9615","targetHints":{"allow":["GET"]}}],"collection":[{"href":"https:\/\/wgphoto.pl\/t\/index.php?rest_route=\/wp\/v2\/posts"}],"about":[{"href":"https:\/\/wgphoto.pl\/t\/index.php?rest_route=\/wp\/v2\/types\/post"}],"author":[{"embeddable":true,"href":"https:\/\/wgphoto.pl\/t\/index.php?rest_route=\/wp\/v2\/users\/1"}],"replies":[{"embeddable":true,"href":"https:\/\/wgphoto.pl\/t\/index.php?rest_route=%2Fwp%2Fv2%2Fcomments&post=9615"}],"version-history":[{"count":1,"href":"https:\/\/wgphoto.pl\/t\/index.php?rest_route=\/wp\/v2\/posts\/9615\/revisions"}],"predecessor-version":[{"id":9617,"href":"https:\/\/wgphoto.pl\/t\/index.php?rest_route=\/wp\/v2\/posts\/9615\/revisions\/9617"}],"wp:featuredmedia":[{"embeddable":true,"href":"https:\/\/wgphoto.pl\/t\/index.php?rest_route=\/wp\/v2\/media\/9616"}],"wp:attachment":[{"href":"https:\/\/wgphoto.pl\/t\/index.php?rest_route=%2Fwp%2Fv2%2Fmedia&parent=9615"}],"wp:term":[{"taxonomy":"category","embeddable":true,"href":"https:\/\/wgphoto.pl\/t\/index.php?rest_route=%2Fwp%2Fv2%2Fcategories&post=9615"},{"taxonomy":"post_tag","embeddable":true,"href":"https:\/\/wgphoto.pl\/t\/index.php?rest_route=%2Fwp%2Fv2%2Ftags&post=9615"}],"curies":[{"name":"wp","href":"https:\/\/api.w.org\/{rel}","templated":true}]}}