{"id":9621,"date":"2025-01-13T18:40:36","date_gmt":"2025-01-13T17:40:36","guid":{"rendered":"https:\/\/wgphoto.pl\/t\/?p=9621"},"modified":"2025-01-13T18:40:36","modified_gmt":"2025-01-13T17:40:36","slug":"arad-miastowy","status":"publish","type":"post","link":"https:\/\/wgphoto.pl\/t\/?p=9621","title":{"rendered":"Arad miastowy"},"content":{"rendered":"\n<figure class=\"wp-block-image aligncenter size-full\"><img loading=\"lazy\" decoding=\"async\" width=\"1200\" height=\"800\" src=\"https:\/\/wgphoto.pl\/t\/wp-content\/uploads\/2025\/01\/IMGP2062.jpg\" alt=\"\" class=\"wp-image-9622\" srcset=\"https:\/\/wgphoto.pl\/t\/wp-content\/uploads\/2025\/01\/IMGP2062.jpg 1200w, https:\/\/wgphoto.pl\/t\/wp-content\/uploads\/2025\/01\/IMGP2062-300x200.jpg 300w, https:\/\/wgphoto.pl\/t\/wp-content\/uploads\/2025\/01\/IMGP2062-768x512.jpg 768w\" sizes=\"auto, (max-width: 1200px) 100vw, 1200px\" \/><\/figure>\n\n\n\n<div class=\"wp-block-group has-global-padding is-layout-constrained wp-block-group-is-layout-constrained\">\n<p>Arad, Strada Tribunul Dobra. Kolejny esse\u0144czyk mija \u015br\u00f3dmiejskie kamienice. Uwag\u0119 zwraca instalacja gazowa poprowadzona na zewn\u0105trz budynk\u00f3w. 19.08.2015<\/p>\n<\/div>\n","protected":false},"excerpt":{"rendered":"<p>Arad, Strada Tribunul Dobra. Kolejny esse\u0144czyk mija \u015br\u00f3dmiejskie kamienice. Uwag\u0119 zwraca instalacja gazowa poprowadzona na zewn\u0105trz budynk\u00f3w. 19.08.2015<\/p>\n","protected":false},"author":1,"featured_media":9622,"comment_status":"open","ping_status":"","sticky":false,"template":"","format":"standard","meta":{"footnotes":""},"categories":[104,3],"tags":[1173,1178,418,1177,494,238,574,107],"class_list":["post-9621","post","type-post","status-publish","format-standard","has-post-thumbnail","hentry","category-rok-2015","category-tramwaj","tag-2015-08-19","tag-arad","tag-auto","tag-ctp-arad","tag-flaga","tag-gt8","tag-rumunia","tag-wakacje-2015"],"_links":{"self":[{"href":"https:\/\/wgphoto.pl\/t\/index.php?rest_route=\/wp\/v2\/posts\/9621","targetHints":{"allow":["GET"]}}],"collection":[{"href":"https:\/\/wgphoto.pl\/t\/index.php?rest_route=\/wp\/v2\/posts"}],"about":[{"href":"https:\/\/wgphoto.pl\/t\/index.php?rest_route=\/wp\/v2\/types\/post"}],"author":[{"embeddable":true,"href":"https:\/\/wgphoto.pl\/t\/index.php?rest_route=\/wp\/v2\/users\/1"}],"replies":[{"embeddable":true,"href":"https:\/\/wgphoto.pl\/t\/index.php?rest_route=%2Fwp%2Fv2%2Fcomments&post=9621"}],"version-history":[{"count":1,"href":"https:\/\/wgphoto.pl\/t\/index.php?rest_route=\/wp\/v2\/posts\/9621\/revisions"}],"predecessor-version":[{"id":9623,"href":"https:\/\/wgphoto.pl\/t\/index.php?rest_route=\/wp\/v2\/posts\/9621\/revisions\/9623"}],"wp:featuredmedia":[{"embeddable":true,"href":"https:\/\/wgphoto.pl\/t\/index.php?rest_route=\/wp\/v2\/media\/9622"}],"wp:attachment":[{"href":"https:\/\/wgphoto.pl\/t\/index.php?rest_route=%2Fwp%2Fv2%2Fmedia&parent=9621"}],"wp:term":[{"taxonomy":"category","embeddable":true,"href":"https:\/\/wgphoto.pl\/t\/index.php?rest_route=%2Fwp%2Fv2%2Fcategories&post=9621"},{"taxonomy":"post_tag","embeddable":true,"href":"https:\/\/wgphoto.pl\/t\/index.php?rest_route=%2Fwp%2Fv2%2Ftags&post=9621"}],"curies":[{"name":"wp","href":"https:\/\/api.w.org\/{rel}","templated":true}]}}