{"id":9627,"date":"2025-01-13T18:42:26","date_gmt":"2025-01-13T17:42:26","guid":{"rendered":"https:\/\/wgphoto.pl\/t\/?p=9627"},"modified":"2025-01-13T18:42:26","modified_gmt":"2025-01-13T17:42:26","slug":"catedrala-sfanta-treime","status":"publish","type":"post","link":"https:\/\/wgphoto.pl\/t\/?p=9627","title":{"rendered":"Catedrala Sf\u00e2nta Treime"},"content":{"rendered":"\n<figure class=\"wp-block-image aligncenter size-full\"><img loading=\"lazy\" decoding=\"async\" width=\"1200\" height=\"800\" src=\"https:\/\/wgphoto.pl\/t\/wp-content\/uploads\/2025\/01\/IMGP2115.jpg\" alt=\"\" class=\"wp-image-9628\" srcset=\"https:\/\/wgphoto.pl\/t\/wp-content\/uploads\/2025\/01\/IMGP2115.jpg 1200w, https:\/\/wgphoto.pl\/t\/wp-content\/uploads\/2025\/01\/IMGP2115-300x200.jpg 300w, https:\/\/wgphoto.pl\/t\/wp-content\/uploads\/2025\/01\/IMGP2115-768x512.jpg 768w\" sizes=\"auto, (max-width: 1200px) 100vw, 1200px\" \/><\/figure>\n\n\n\n<div class=\"wp-block-group has-global-padding is-layout-constrained wp-block-group-is-layout-constrained\">\n<p>W Aradzie mo\u017cna r\u00f3wnie\u017c spotka\u0107 sk\u0142ady Tatr T4D+B4D ex Halle, kt\u00f3re &#8211; jak wi\u0119kszo\u015b\u0107 woz\u00f3w &#8211; zachowa\u0142y swoj\u0105 pierwotn\u0105 numeracj\u0119, a po cz\u0119\u015bci tak\u017ce malowanie (tutaj dotyczy to akurat doczepy). Wagony takie nie s\u0105 w tym mie\u015bcie nowo\u015bci\u0105, gdy\u017c w tym samym okresie co do Niemiec (tj. prze\u0142om lat 70. i 80.), dostarczono parti\u0119 pojazd\u00f3w typu T4R do Aradu, ale je\u015bli w og\u00f3le jakie\u015b dotrwa\u0142y do dnia dzisiejszego, to nie pojawiaj\u0105 si\u0119 ju\u017c na mie\u015bcie. Kadr uzupe\u0142nia prawos\u0142awna katedra pw. Tr\u00f3jcy \u015awi\u0119tej. 19.08.2015<\/p>\n<\/div>\n","protected":false},"excerpt":{"rendered":"<p>W Aradzie mo\u017cna r\u00f3wnie\u017c spotka\u0107 sk\u0142ady Tatr T4D+B4D ex Halle, kt\u00f3re &#8211; jak wi\u0119kszo\u015b\u0107 woz\u00f3w &#8211; zachowa\u0142y swoj\u0105 pierwotn\u0105 numeracj\u0119, a po cz\u0119\u015bci tak\u017ce malowanie (tutaj dotyczy to akurat doczepy). Wagony takie nie s\u0105 w tym mie\u015bcie nowo\u015bci\u0105, gdy\u017c w tym samym okresie co do Niemiec (tj. prze\u0142om lat 70. i 80.), dostarczono parti\u0119 pojazd\u00f3w [&hellip;]<\/p>\n","protected":false},"author":1,"featured_media":9628,"comment_status":"open","ping_status":"","sticky":false,"template":"","format":"standard","meta":{"footnotes":""},"categories":[104,3],"tags":[1173,1178,34,1177,574,1112,107],"class_list":["post-9627","post","type-post","status-publish","format-standard","has-post-thumbnail","hentry","category-rok-2015","category-tramwaj","tag-2015-08-19","tag-arad","tag-architektura","tag-ctp-arad","tag-rumunia","tag-tatra-t4","tag-wakacje-2015"],"_links":{"self":[{"href":"https:\/\/wgphoto.pl\/t\/index.php?rest_route=\/wp\/v2\/posts\/9627","targetHints":{"allow":["GET"]}}],"collection":[{"href":"https:\/\/wgphoto.pl\/t\/index.php?rest_route=\/wp\/v2\/posts"}],"about":[{"href":"https:\/\/wgphoto.pl\/t\/index.php?rest_route=\/wp\/v2\/types\/post"}],"author":[{"embeddable":true,"href":"https:\/\/wgphoto.pl\/t\/index.php?rest_route=\/wp\/v2\/users\/1"}],"replies":[{"embeddable":true,"href":"https:\/\/wgphoto.pl\/t\/index.php?rest_route=%2Fwp%2Fv2%2Fcomments&post=9627"}],"version-history":[{"count":1,"href":"https:\/\/wgphoto.pl\/t\/index.php?rest_route=\/wp\/v2\/posts\/9627\/revisions"}],"predecessor-version":[{"id":9629,"href":"https:\/\/wgphoto.pl\/t\/index.php?rest_route=\/wp\/v2\/posts\/9627\/revisions\/9629"}],"wp:featuredmedia":[{"embeddable":true,"href":"https:\/\/wgphoto.pl\/t\/index.php?rest_route=\/wp\/v2\/media\/9628"}],"wp:attachment":[{"href":"https:\/\/wgphoto.pl\/t\/index.php?rest_route=%2Fwp%2Fv2%2Fmedia&parent=9627"}],"wp:term":[{"taxonomy":"category","embeddable":true,"href":"https:\/\/wgphoto.pl\/t\/index.php?rest_route=%2Fwp%2Fv2%2Fcategories&post=9627"},{"taxonomy":"post_tag","embeddable":true,"href":"https:\/\/wgphoto.pl\/t\/index.php?rest_route=%2Fwp%2Fv2%2Ftags&post=9627"}],"curies":[{"name":"wp","href":"https:\/\/api.w.org\/{rel}","templated":true}]}}