{"id":9630,"date":"2025-01-13T18:43:27","date_gmt":"2025-01-13T17:43:27","guid":{"rendered":"https:\/\/wgphoto.pl\/t\/?p=9630"},"modified":"2025-01-13T18:43:27","modified_gmt":"2025-01-13T17:43:27","slug":"podul-traian","status":"publish","type":"post","link":"https:\/\/wgphoto.pl\/t\/?p=9630","title":{"rendered":"Podul Traian"},"content":{"rendered":"\n<figure class=\"wp-block-image aligncenter size-full\"><img loading=\"lazy\" decoding=\"async\" width=\"1200\" height=\"800\" src=\"https:\/\/wgphoto.pl\/t\/wp-content\/uploads\/2025\/01\/IMGP2053-1.jpg\" alt=\"\" class=\"wp-image-9632\" srcset=\"https:\/\/wgphoto.pl\/t\/wp-content\/uploads\/2025\/01\/IMGP2053-1.jpg 1200w, https:\/\/wgphoto.pl\/t\/wp-content\/uploads\/2025\/01\/IMGP2053-1-300x200.jpg 300w, https:\/\/wgphoto.pl\/t\/wp-content\/uploads\/2025\/01\/IMGP2053-1-768x512.jpg 768w\" sizes=\"auto, (max-width: 1200px) 100vw, 1200px\" \/><\/figure>\n\n\n\n<div class=\"wp-block-group has-global-padding is-layout-constrained wp-block-group-is-layout-constrained\">\n<p>Tramwaj z poprzedniego zdj\u0119cia uda\u0142o mi si\u0119 z\u0142apa\u0107 z jeszcze jednym interesuj\u0105cym obiektem, jakim jest most Trajana na rzece Maruszy (rum. R\u00e2ul Mure\u015f). Nie mog\u0142em oprze\u0107 si\u0119 wra\u017ceniu, \u017ce most ten jest kopi\u0105 jednego z budapeszte\u0144skich obiekt\u00f3w. 19.08.2015<\/p>\n<\/div>\n","protected":false},"excerpt":{"rendered":"<p>Tramwaj z poprzedniego zdj\u0119cia uda\u0142o mi si\u0119 z\u0142apa\u0107 z jeszcze jednym interesuj\u0105cym obiektem, jakim jest most Trajana na rzece Maruszy (rum. R\u00e2ul Mure\u015f). Nie mog\u0142em oprze\u0107 si\u0119 wra\u017ceniu, \u017ce most ten jest kopi\u0105 jednego z budapeszte\u0144skich obiekt\u00f3w. 19.08.2015<\/p>\n","protected":false},"author":1,"featured_media":9632,"comment_status":"open","ping_status":"","sticky":false,"template":"","format":"standard","meta":{"footnotes":""},"categories":[104,3],"tags":[1173,1178,1177,45,574,1112,107],"class_list":["post-9630","post","type-post","status-publish","format-standard","has-post-thumbnail","hentry","category-rok-2015","category-tramwaj","tag-2015-08-19","tag-arad","tag-ctp-arad","tag-most","tag-rumunia","tag-tatra-t4","tag-wakacje-2015"],"_links":{"self":[{"href":"https:\/\/wgphoto.pl\/t\/index.php?rest_route=\/wp\/v2\/posts\/9630","targetHints":{"allow":["GET"]}}],"collection":[{"href":"https:\/\/wgphoto.pl\/t\/index.php?rest_route=\/wp\/v2\/posts"}],"about":[{"href":"https:\/\/wgphoto.pl\/t\/index.php?rest_route=\/wp\/v2\/types\/post"}],"author":[{"embeddable":true,"href":"https:\/\/wgphoto.pl\/t\/index.php?rest_route=\/wp\/v2\/users\/1"}],"replies":[{"embeddable":true,"href":"https:\/\/wgphoto.pl\/t\/index.php?rest_route=%2Fwp%2Fv2%2Fcomments&post=9630"}],"version-history":[{"count":1,"href":"https:\/\/wgphoto.pl\/t\/index.php?rest_route=\/wp\/v2\/posts\/9630\/revisions"}],"predecessor-version":[{"id":9633,"href":"https:\/\/wgphoto.pl\/t\/index.php?rest_route=\/wp\/v2\/posts\/9630\/revisions\/9633"}],"wp:featuredmedia":[{"embeddable":true,"href":"https:\/\/wgphoto.pl\/t\/index.php?rest_route=\/wp\/v2\/media\/9632"}],"wp:attachment":[{"href":"https:\/\/wgphoto.pl\/t\/index.php?rest_route=%2Fwp%2Fv2%2Fmedia&parent=9630"}],"wp:term":[{"taxonomy":"category","embeddable":true,"href":"https:\/\/wgphoto.pl\/t\/index.php?rest_route=%2Fwp%2Fv2%2Fcategories&post=9630"},{"taxonomy":"post_tag","embeddable":true,"href":"https:\/\/wgphoto.pl\/t\/index.php?rest_route=%2Fwp%2Fv2%2Ftags&post=9630"}],"curies":[{"name":"wp","href":"https:\/\/api.w.org\/{rel}","templated":true}]}}