{"id":9634,"date":"2025-01-13T18:44:29","date_gmt":"2025-01-13T17:44:29","guid":{"rendered":"https:\/\/wgphoto.pl\/t\/?p=9634"},"modified":"2025-01-13T18:44:29","modified_gmt":"2025-01-13T17:44:29","slug":"jedzie-nowe-2","status":"publish","type":"post","link":"https:\/\/wgphoto.pl\/t\/?p=9634","title":{"rendered":"Jedzie nowe"},"content":{"rendered":"\n<figure class=\"wp-block-image aligncenter size-full\"><img loading=\"lazy\" decoding=\"async\" width=\"1200\" height=\"800\" src=\"https:\/\/wgphoto.pl\/t\/wp-content\/uploads\/2025\/01\/IMGP2097.jpg\" alt=\"\" class=\"wp-image-9635\" srcset=\"https:\/\/wgphoto.pl\/t\/wp-content\/uploads\/2025\/01\/IMGP2097.jpg 1200w, https:\/\/wgphoto.pl\/t\/wp-content\/uploads\/2025\/01\/IMGP2097-300x200.jpg 300w, https:\/\/wgphoto.pl\/t\/wp-content\/uploads\/2025\/01\/IMGP2097-768x512.jpg 768w\" sizes=\"auto, (max-width: 1200px) 100vw, 1200px\" \/><\/figure>\n\n\n\n<div class=\"wp-block-group has-global-padding is-layout-constrained wp-block-group-is-layout-constrained\">\n<p>Arad, Bulevardul Revolu\u021biei. Na reprezentacyjnej alei, kt\u00f3ra akurat w tym kadrze mo\u017ce nieszczeg\u00f3lnie si\u0119 prezentuje, stary D\u00fcwag mija si\u0119 z jednym z sze\u015bciu nowych nabytk\u00f3w tutejszego przewo\u017anika. Wagony na licencji Siemensa wyprodukowano w lokalnej fabryce Astra Vagoane. 2015-08-19<\/p>\n<\/div>\n","protected":false},"excerpt":{"rendered":"<p>Arad, Bulevardul Revolu\u021biei. Na reprezentacyjnej alei, kt\u00f3ra akurat w tym kadrze mo\u017ce nieszczeg\u00f3lnie si\u0119 prezentuje, stary D\u00fcwag mija si\u0119 z jednym z sze\u015bciu nowych nabytk\u00f3w tutejszego przewo\u017anika. Wagony na licencji Siemensa wyprodukowano w lokalnej fabryce Astra Vagoane. 2015-08-19<\/p>\n","protected":false},"author":1,"featured_media":9635,"comment_status":"open","ping_status":"","sticky":false,"template":"","format":"standard","meta":{"footnotes":""},"categories":[104,3],"tags":[1173,1178,2917,1177,238,389,574,107],"class_list":["post-9634","post","type-post","status-publish","format-standard","has-post-thumbnail","hentry","category-rok-2015","category-tramwaj","tag-2015-08-19","tag-arad","tag-astra-imperio","tag-ctp-arad","tag-gt8","tag-mijanka","tag-rumunia","tag-wakacje-2015"],"_links":{"self":[{"href":"https:\/\/wgphoto.pl\/t\/index.php?rest_route=\/wp\/v2\/posts\/9634","targetHints":{"allow":["GET"]}}],"collection":[{"href":"https:\/\/wgphoto.pl\/t\/index.php?rest_route=\/wp\/v2\/posts"}],"about":[{"href":"https:\/\/wgphoto.pl\/t\/index.php?rest_route=\/wp\/v2\/types\/post"}],"author":[{"embeddable":true,"href":"https:\/\/wgphoto.pl\/t\/index.php?rest_route=\/wp\/v2\/users\/1"}],"replies":[{"embeddable":true,"href":"https:\/\/wgphoto.pl\/t\/index.php?rest_route=%2Fwp%2Fv2%2Fcomments&post=9634"}],"version-history":[{"count":1,"href":"https:\/\/wgphoto.pl\/t\/index.php?rest_route=\/wp\/v2\/posts\/9634\/revisions"}],"predecessor-version":[{"id":9636,"href":"https:\/\/wgphoto.pl\/t\/index.php?rest_route=\/wp\/v2\/posts\/9634\/revisions\/9636"}],"wp:featuredmedia":[{"embeddable":true,"href":"https:\/\/wgphoto.pl\/t\/index.php?rest_route=\/wp\/v2\/media\/9635"}],"wp:attachment":[{"href":"https:\/\/wgphoto.pl\/t\/index.php?rest_route=%2Fwp%2Fv2%2Fmedia&parent=9634"}],"wp:term":[{"taxonomy":"category","embeddable":true,"href":"https:\/\/wgphoto.pl\/t\/index.php?rest_route=%2Fwp%2Fv2%2Fcategories&post=9634"},{"taxonomy":"post_tag","embeddable":true,"href":"https:\/\/wgphoto.pl\/t\/index.php?rest_route=%2Fwp%2Fv2%2Ftags&post=9634"}],"curies":[{"name":"wp","href":"https:\/\/api.w.org\/{rel}","templated":true}]}}