{"id":9637,"date":"2025-01-13T18:45:29","date_gmt":"2025-01-13T17:45:29","guid":{"rendered":"https:\/\/wgphoto.pl\/t\/?p=9637"},"modified":"2025-01-13T18:45:29","modified_gmt":"2025-01-13T17:45:29","slug":"barwy-narodowe-i-kwadratowe-luki","status":"publish","type":"post","link":"https:\/\/wgphoto.pl\/t\/?p=9637","title":{"rendered":"Barwy narodowe i kwadratowe \u0142uki"},"content":{"rendered":"\n<figure class=\"wp-block-image aligncenter size-full\"><img loading=\"lazy\" decoding=\"async\" width=\"600\" height=\"910\" src=\"https:\/\/wgphoto.pl\/t\/wp-content\/uploads\/2025\/01\/IMGP2065-1.jpg\" alt=\"\" class=\"wp-image-9638\" srcset=\"https:\/\/wgphoto.pl\/t\/wp-content\/uploads\/2025\/01\/IMGP2065-1.jpg 600w, https:\/\/wgphoto.pl\/t\/wp-content\/uploads\/2025\/01\/IMGP2065-1-198x300.jpg 198w\" sizes=\"auto, (max-width: 600px) 100vw, 600px\" \/><\/figure>\n\n\n\n<div class=\"wp-block-group has-global-padding is-layout-constrained wp-block-group-is-layout-constrained\">\n<p>Arad, Bulevardul Revolu\u021biei. Jeszcze jedno uj\u0119cie z nowym tramwajem. Wi\u0119kszo\u015b\u0107 z nich ma w kabinie tak\u0105 &#8222;choink\u0119&#8221; w barwach narodowych, jak prezentowany wagon &#8211; widocznie taki styl. \ud83d\ude09 Niskacze kursuj\u0105 wy\u0142\u0105cznie na linii 3, kt\u00f3rej trasa w znacz\u0105cej wi\u0119kszo\u015bci zosta\u0142a w ci\u0105gu ostatnich kilku lat wyremontowana, jednak pomimo tego zdarzaj\u0105 si\u0119 na niej \u0142uki o nieidealnej krzywi\u017anie. 2015-08-19<\/p>\n<\/div>\n","protected":false},"excerpt":{"rendered":"<p>Arad, Bulevardul Revolu\u021biei. Jeszcze jedno uj\u0119cie z nowym tramwajem. Wi\u0119kszo\u015b\u0107 z nich ma w kabinie tak\u0105 &#8222;choink\u0119&#8221; w barwach narodowych, jak prezentowany wagon &#8211; widocznie taki styl. \ud83d\ude09 Niskacze kursuj\u0105 wy\u0142\u0105cznie na linii 3, kt\u00f3rej trasa w znacz\u0105cej wi\u0119kszo\u015bci zosta\u0142a w ci\u0105gu ostatnich kilku lat wyremontowana, jednak pomimo tego zdarzaj\u0105 si\u0119 na niej \u0142uki o [&hellip;]<\/p>\n","protected":false},"author":1,"featured_media":9638,"comment_status":"open","ping_status":"","sticky":false,"template":"","format":"standard","meta":{"footnotes":""},"categories":[128,104,3],"tags":[1173,1178,34,2917,1177,389,574,107],"class_list":["post-9637","post","type-post","status-publish","format-standard","has-post-thumbnail","hentry","category-pionowe","category-rok-2015","category-tramwaj","tag-2015-08-19","tag-arad","tag-architektura","tag-astra-imperio","tag-ctp-arad","tag-mijanka","tag-rumunia","tag-wakacje-2015"],"_links":{"self":[{"href":"https:\/\/wgphoto.pl\/t\/index.php?rest_route=\/wp\/v2\/posts\/9637","targetHints":{"allow":["GET"]}}],"collection":[{"href":"https:\/\/wgphoto.pl\/t\/index.php?rest_route=\/wp\/v2\/posts"}],"about":[{"href":"https:\/\/wgphoto.pl\/t\/index.php?rest_route=\/wp\/v2\/types\/post"}],"author":[{"embeddable":true,"href":"https:\/\/wgphoto.pl\/t\/index.php?rest_route=\/wp\/v2\/users\/1"}],"replies":[{"embeddable":true,"href":"https:\/\/wgphoto.pl\/t\/index.php?rest_route=%2Fwp%2Fv2%2Fcomments&post=9637"}],"version-history":[{"count":1,"href":"https:\/\/wgphoto.pl\/t\/index.php?rest_route=\/wp\/v2\/posts\/9637\/revisions"}],"predecessor-version":[{"id":9639,"href":"https:\/\/wgphoto.pl\/t\/index.php?rest_route=\/wp\/v2\/posts\/9637\/revisions\/9639"}],"wp:featuredmedia":[{"embeddable":true,"href":"https:\/\/wgphoto.pl\/t\/index.php?rest_route=\/wp\/v2\/media\/9638"}],"wp:attachment":[{"href":"https:\/\/wgphoto.pl\/t\/index.php?rest_route=%2Fwp%2Fv2%2Fmedia&parent=9637"}],"wp:term":[{"taxonomy":"category","embeddable":true,"href":"https:\/\/wgphoto.pl\/t\/index.php?rest_route=%2Fwp%2Fv2%2Fcategories&post=9637"},{"taxonomy":"post_tag","embeddable":true,"href":"https:\/\/wgphoto.pl\/t\/index.php?rest_route=%2Fwp%2Fv2%2Ftags&post=9637"}],"curies":[{"name":"wp","href":"https:\/\/api.w.org\/{rel}","templated":true}]}}