{"id":9640,"date":"2025-01-13T18:46:33","date_gmt":"2025-01-13T17:46:33","guid":{"rendered":"https:\/\/wgphoto.pl\/t\/?p=9640"},"modified":"2025-01-13T18:46:33","modified_gmt":"2025-01-13T17:46:33","slug":"do-wyboru-do-koloru","status":"publish","type":"post","link":"https:\/\/wgphoto.pl\/t\/?p=9640","title":{"rendered":"Do wyboru, do koloru"},"content":{"rendered":"\n<figure class=\"wp-block-image aligncenter size-full\"><img loading=\"lazy\" decoding=\"async\" width=\"1200\" height=\"800\" src=\"https:\/\/wgphoto.pl\/t\/wp-content\/uploads\/2025\/01\/IMGP1980.jpg\" alt=\"\" class=\"wp-image-9641\" srcset=\"https:\/\/wgphoto.pl\/t\/wp-content\/uploads\/2025\/01\/IMGP1980.jpg 1200w, https:\/\/wgphoto.pl\/t\/wp-content\/uploads\/2025\/01\/IMGP1980-300x200.jpg 300w, https:\/\/wgphoto.pl\/t\/wp-content\/uploads\/2025\/01\/IMGP1980-768x512.jpg 768w\" sizes=\"auto, (max-width: 1200px) 100vw, 1200px\" \/><\/figure>\n\n\n\n<div class=\"wp-block-group has-global-padding is-layout-constrained wp-block-group-is-layout-constrained\">\n<p>Przenie\u015bmy si\u0119 do krainy braku nudy taborowej. W Aradzie niemal ka\u017cdy tramwaj wygl\u0105da inaczej, wiele z nich posiada malowanie i logotypy poprzedniego w\u0142a\u015bciciela, nietrudno spotka\u0107 nieaktualn\u0105 reklam\u0119 w j\u0119zyku odmiennym od rumu\u0144skiego. Na zdj\u0119cie z jednej z zajezdni za\u0142apa\u0142y si\u0119 egzemplarze typ\u00f3w GT4, GT6 i M8S, pochodz\u0105ce ze Stuttgartu, Ulm, Innsbrucku i Essen. To do\u015b\u0107 s\u0142aby zbi\u00f3r, gdy\u017c przegl\u0105daj\u0105c wykaz taboru tutejszego przewo\u017anika naliczy\u0142em tramwaje z 11 niemieckich i austriackich miast. To jest pi\u0119kne, \u017ce mo\u017cna si\u0119 przejecha\u0107 Tatr\u0105 z Halle i za chwil\u0119 wsi\u0105\u015b\u0107 w stuttgarckiego GT4, i to wszystko na jednej sieci tramwajowej. 19.08.2015<\/p>\n<\/div>\n","protected":false},"excerpt":{"rendered":"<p>Przenie\u015bmy si\u0119 do krainy braku nudy taborowej. W Aradzie niemal ka\u017cdy tramwaj wygl\u0105da inaczej, wiele z nich posiada malowanie i logotypy poprzedniego w\u0142a\u015bciciela, nietrudno spotka\u0107 nieaktualn\u0105 reklam\u0119 w j\u0119zyku odmiennym od rumu\u0144skiego. Na zdj\u0119cie z jednej z zajezdni za\u0142apa\u0142y si\u0119 egzemplarze typ\u00f3w GT4, GT6 i M8S, pochodz\u0105ce ze Stuttgartu, Ulm, Innsbrucku i Essen. To do\u015b\u0107 [&hellip;]<\/p>\n","protected":false},"author":1,"featured_media":9641,"comment_status":"open","ping_status":"","sticky":false,"template":"","format":"standard","meta":{"footnotes":""},"categories":[104,3],"tags":[1173,1178,1177,1174,101,154,574,107,138],"class_list":["post-9640","post","type-post","status-publish","format-standard","has-post-thumbnail","hentry","category-rok-2015","category-tramwaj","tag-2015-08-19","tag-arad","tag-ctp-arad","tag-gt4","tag-gt6","tag-noc","tag-rumunia","tag-wakacje-2015","tag-zajezdnia"],"_links":{"self":[{"href":"https:\/\/wgphoto.pl\/t\/index.php?rest_route=\/wp\/v2\/posts\/9640","targetHints":{"allow":["GET"]}}],"collection":[{"href":"https:\/\/wgphoto.pl\/t\/index.php?rest_route=\/wp\/v2\/posts"}],"about":[{"href":"https:\/\/wgphoto.pl\/t\/index.php?rest_route=\/wp\/v2\/types\/post"}],"author":[{"embeddable":true,"href":"https:\/\/wgphoto.pl\/t\/index.php?rest_route=\/wp\/v2\/users\/1"}],"replies":[{"embeddable":true,"href":"https:\/\/wgphoto.pl\/t\/index.php?rest_route=%2Fwp%2Fv2%2Fcomments&post=9640"}],"version-history":[{"count":1,"href":"https:\/\/wgphoto.pl\/t\/index.php?rest_route=\/wp\/v2\/posts\/9640\/revisions"}],"predecessor-version":[{"id":9642,"href":"https:\/\/wgphoto.pl\/t\/index.php?rest_route=\/wp\/v2\/posts\/9640\/revisions\/9642"}],"wp:featuredmedia":[{"embeddable":true,"href":"https:\/\/wgphoto.pl\/t\/index.php?rest_route=\/wp\/v2\/media\/9641"}],"wp:attachment":[{"href":"https:\/\/wgphoto.pl\/t\/index.php?rest_route=%2Fwp%2Fv2%2Fmedia&parent=9640"}],"wp:term":[{"taxonomy":"category","embeddable":true,"href":"https:\/\/wgphoto.pl\/t\/index.php?rest_route=%2Fwp%2Fv2%2Fcategories&post=9640"},{"taxonomy":"post_tag","embeddable":true,"href":"https:\/\/wgphoto.pl\/t\/index.php?rest_route=%2Fwp%2Fv2%2Ftags&post=9640"}],"curies":[{"name":"wp","href":"https:\/\/api.w.org\/{rel}","templated":true}]}}