{"id":9643,"date":"2025-01-13T18:48:04","date_gmt":"2025-01-13T17:48:04","guid":{"rendered":"https:\/\/wgphoto.pl\/t\/?p=9643"},"modified":"2025-01-13T18:48:04","modified_gmt":"2025-01-13T17:48:04","slug":"stary-i-nowy-siemens","status":"publish","type":"post","link":"https:\/\/wgphoto.pl\/t\/?p=9643","title":{"rendered":"Stary i nowy Siemens"},"content":{"rendered":"\n<figure class=\"wp-block-image aligncenter size-full\"><img loading=\"lazy\" decoding=\"async\" width=\"1050\" height=\"700\" src=\"https:\/\/wgphoto.pl\/t\/wp-content\/uploads\/2025\/01\/IMGP6026.jpg\" alt=\"\" class=\"wp-image-9644\" srcset=\"https:\/\/wgphoto.pl\/t\/wp-content\/uploads\/2025\/01\/IMGP6026.jpg 1050w, https:\/\/wgphoto.pl\/t\/wp-content\/uploads\/2025\/01\/IMGP6026-300x200.jpg 300w, https:\/\/wgphoto.pl\/t\/wp-content\/uploads\/2025\/01\/IMGP6026-768x512.jpg 768w\" sizes=\"auto, (max-width: 1050px) 100vw, 1050px\" \/><\/figure>\n\n\n\n<div class=\"wp-block-group has-global-padding is-layout-constrained wp-block-group-is-layout-constrained\">\n<p>Oradea, Pia\u021ba Independen\u021bei. Wewn\u0105trz tr\u00f3jk\u0105ta torowego ustawiono jako pomnik lokomotyw\u0119, wyprodukowan\u0105 przez zak\u0142ady Siemens &#8211; Schuckert na pocz\u0105tku XX wieku. \u0141\u0105cznie w latach 1906 &#8211; 1994 eksploatowano w Oradei pi\u0119\u0107 lokomotywek elektrycznych, obs\u0142uguj\u0105cych ruch towarowy na sieci tramwajowej (system bocznic po\u0142\u0105czonych z sieci\u0105 kolejow\u0105; kilka zdj\u0119\u0107 mo\u017cna znale\u017a\u0107 <a href=\"http:\/\/www.beyondtheforest.com\/Romania\/CFR7.html\">tu<\/a>). Tablica pami\u0105tkowa przed pomnikiem informuje o 105 latach innowacji technicznych w Oradei, kt\u00f3re odnosz\u0105 si\u0119 do obu widocznych pojazd\u00f3w. 2014-06-21<\/p>\n<\/div>\n","protected":false},"excerpt":{"rendered":"<p>Oradea, Pia\u021ba Independen\u021bei. Wewn\u0105trz tr\u00f3jk\u0105ta torowego ustawiono jako pomnik lokomotyw\u0119, wyprodukowan\u0105 przez zak\u0142ady Siemens &#8211; Schuckert na pocz\u0105tku XX wieku. \u0141\u0105cznie w latach 1906 &#8211; 1994 eksploatowano w Oradei pi\u0119\u0107 lokomotywek elektrycznych, obs\u0142uguj\u0105cych ruch towarowy na sieci tramwajowej (system bocznic po\u0142\u0105czonych z sieci\u0105 kolejow\u0105; kilka zdj\u0119\u0107 mo\u017cna znale\u017a\u0107 tu). Tablica pami\u0105tkowa przed pomnikiem informuje o [&hellip;]<\/p>\n","protected":false},"author":1,"featured_media":9644,"comment_status":"open","ping_status":"","sticky":false,"template":"","format":"standard","meta":{"footnotes":""},"categories":[48,3],"tags":[1108,1109,1110,574,271],"class_list":["post-9643","post","type-post","status-publish","format-standard","has-post-thumbnail","hentry","category-rok-2014","category-tramwaj","tag-2014-06-21","tag-oradea","tag-otl-oradea","tag-rumunia","tag-ulf"],"_links":{"self":[{"href":"https:\/\/wgphoto.pl\/t\/index.php?rest_route=\/wp\/v2\/posts\/9643","targetHints":{"allow":["GET"]}}],"collection":[{"href":"https:\/\/wgphoto.pl\/t\/index.php?rest_route=\/wp\/v2\/posts"}],"about":[{"href":"https:\/\/wgphoto.pl\/t\/index.php?rest_route=\/wp\/v2\/types\/post"}],"author":[{"embeddable":true,"href":"https:\/\/wgphoto.pl\/t\/index.php?rest_route=\/wp\/v2\/users\/1"}],"replies":[{"embeddable":true,"href":"https:\/\/wgphoto.pl\/t\/index.php?rest_route=%2Fwp%2Fv2%2Fcomments&post=9643"}],"version-history":[{"count":1,"href":"https:\/\/wgphoto.pl\/t\/index.php?rest_route=\/wp\/v2\/posts\/9643\/revisions"}],"predecessor-version":[{"id":9645,"href":"https:\/\/wgphoto.pl\/t\/index.php?rest_route=\/wp\/v2\/posts\/9643\/revisions\/9645"}],"wp:featuredmedia":[{"embeddable":true,"href":"https:\/\/wgphoto.pl\/t\/index.php?rest_route=\/wp\/v2\/media\/9644"}],"wp:attachment":[{"href":"https:\/\/wgphoto.pl\/t\/index.php?rest_route=%2Fwp%2Fv2%2Fmedia&parent=9643"}],"wp:term":[{"taxonomy":"category","embeddable":true,"href":"https:\/\/wgphoto.pl\/t\/index.php?rest_route=%2Fwp%2Fv2%2Fcategories&post=9643"},{"taxonomy":"post_tag","embeddable":true,"href":"https:\/\/wgphoto.pl\/t\/index.php?rest_route=%2Fwp%2Fv2%2Ftags&post=9643"}],"curies":[{"name":"wp","href":"https:\/\/api.w.org\/{rel}","templated":true}]}}