{"id":9649,"date":"2025-01-13T18:49:54","date_gmt":"2025-01-13T17:49:54","guid":{"rendered":"https:\/\/wgphoto.pl\/t\/?p=9649"},"modified":"2025-01-13T18:49:54","modified_gmt":"2025-01-13T17:49:54","slug":"gdyby-lubin-byl-oradea","status":"publish","type":"post","link":"https:\/\/wgphoto.pl\/t\/?p=9649","title":{"rendered":"Gdyby Lubin by\u0142 Orade\u0105"},"content":{"rendered":"\n<figure class=\"wp-block-image aligncenter size-full\"><img loading=\"lazy\" decoding=\"async\" width=\"600\" height=\"900\" src=\"https:\/\/wgphoto.pl\/t\/wp-content\/uploads\/2025\/01\/IMGP6088.jpg\" alt=\"\" class=\"wp-image-9650\" srcset=\"https:\/\/wgphoto.pl\/t\/wp-content\/uploads\/2025\/01\/IMGP6088.jpg 600w, https:\/\/wgphoto.pl\/t\/wp-content\/uploads\/2025\/01\/IMGP6088-200x300.jpg 200w\" sizes=\"auto, (max-width: 600px) 100vw, 600px\" \/><\/figure>\n\n\n\n<div class=\"wp-block-group has-global-padding is-layout-constrained wp-block-group-is-layout-constrained\">\n<p>\u2026to mo\u017ce tak wygl\u0105da\u0142yby w tym mie\u015bcie tramwaje. Tytu\u0142 nawi\u0105zuje do wie\u017cy wodnej o bardzo podobnej bryle, b\u0119d\u0105cej do\u015b\u0107 charakterystycznym obiektem na Przylesiu w Lubinie. 21.06.2014<\/p>\n<\/div>\n","protected":false},"excerpt":{"rendered":"<p>\u2026to mo\u017ce tak wygl\u0105da\u0142yby w tym mie\u015bcie tramwaje. Tytu\u0142 nawi\u0105zuje do wie\u017cy wodnej o bardzo podobnej bryle, b\u0119d\u0105cej do\u015b\u0107 charakterystycznym obiektem na Przylesiu w Lubinie. 21.06.2014<\/p>\n","protected":false},"author":1,"featured_media":9650,"comment_status":"open","ping_status":"","sticky":false,"template":"","format":"standard","meta":{"footnotes":""},"categories":[128,48,3],"tags":[1108,1109,1110,574,231],"class_list":["post-9649","post","type-post","status-publish","format-standard","has-post-thumbnail","hentry","category-pionowe","category-rok-2014","category-tramwaj","tag-2014-06-21","tag-oradea","tag-otl-oradea","tag-rumunia","tag-wieza-cisnien"],"_links":{"self":[{"href":"https:\/\/wgphoto.pl\/t\/index.php?rest_route=\/wp\/v2\/posts\/9649","targetHints":{"allow":["GET"]}}],"collection":[{"href":"https:\/\/wgphoto.pl\/t\/index.php?rest_route=\/wp\/v2\/posts"}],"about":[{"href":"https:\/\/wgphoto.pl\/t\/index.php?rest_route=\/wp\/v2\/types\/post"}],"author":[{"embeddable":true,"href":"https:\/\/wgphoto.pl\/t\/index.php?rest_route=\/wp\/v2\/users\/1"}],"replies":[{"embeddable":true,"href":"https:\/\/wgphoto.pl\/t\/index.php?rest_route=%2Fwp%2Fv2%2Fcomments&post=9649"}],"version-history":[{"count":1,"href":"https:\/\/wgphoto.pl\/t\/index.php?rest_route=\/wp\/v2\/posts\/9649\/revisions"}],"predecessor-version":[{"id":9651,"href":"https:\/\/wgphoto.pl\/t\/index.php?rest_route=\/wp\/v2\/posts\/9649\/revisions\/9651"}],"wp:featuredmedia":[{"embeddable":true,"href":"https:\/\/wgphoto.pl\/t\/index.php?rest_route=\/wp\/v2\/media\/9650"}],"wp:attachment":[{"href":"https:\/\/wgphoto.pl\/t\/index.php?rest_route=%2Fwp%2Fv2%2Fmedia&parent=9649"}],"wp:term":[{"taxonomy":"category","embeddable":true,"href":"https:\/\/wgphoto.pl\/t\/index.php?rest_route=%2Fwp%2Fv2%2Fcategories&post=9649"},{"taxonomy":"post_tag","embeddable":true,"href":"https:\/\/wgphoto.pl\/t\/index.php?rest_route=%2Fwp%2Fv2%2Ftags&post=9649"}],"curies":[{"name":"wp","href":"https:\/\/api.w.org\/{rel}","templated":true}]}}