{"id":9652,"date":"2025-01-13T18:50:48","date_gmt":"2025-01-13T17:50:48","guid":{"rendered":"https:\/\/wgphoto.pl\/t\/?p=9652"},"modified":"2025-01-13T18:50:48","modified_gmt":"2025-01-13T17:50:48","slug":"troche-magdeburga","status":"publish","type":"post","link":"https:\/\/wgphoto.pl\/t\/?p=9652","title":{"rendered":"Troch\u0119 Magdeburga"},"content":{"rendered":"\n<figure class=\"wp-block-image aligncenter size-full\"><img loading=\"lazy\" decoding=\"async\" width=\"1050\" height=\"700\" src=\"https:\/\/wgphoto.pl\/t\/wp-content\/uploads\/2025\/01\/IMGP6084.jpg\" alt=\"\" class=\"wp-image-9653\" srcset=\"https:\/\/wgphoto.pl\/t\/wp-content\/uploads\/2025\/01\/IMGP6084.jpg 1050w, https:\/\/wgphoto.pl\/t\/wp-content\/uploads\/2025\/01\/IMGP6084-300x200.jpg 300w, https:\/\/wgphoto.pl\/t\/wp-content\/uploads\/2025\/01\/IMGP6084-768x512.jpg 768w\" sizes=\"auto, (max-width: 1050px) 100vw, 1050px\" \/><\/figure>\n\n\n\n<div class=\"wp-block-group has-global-padding is-layout-constrained wp-block-group-is-layout-constrained\">\n<p>Oradea, Strada Corneliu Coposu. Kolejne malowanie tutejszych tramwaj\u00f3w, tym razem nawi\u0105zuj\u0105ce do barw magdeburskich &#8211; sk\u0105d ten\u017ce sk\u0142ad pochodzi &#8211; lecz ci\u0119\u017cko stwierdzi\u0107, czy oryginalne. Schemat na pierwszym wagonie wygl\u0105da troch\u0119 &#8222;nie po niemiecku&#8221;, a zdj\u0119cia na twb wykazuj\u0105 jak\u0105\u015b podmian\u0119 woz\u00f3w pod tym numerem. 2014-06-21<\/p>\n<\/div>\n","protected":false},"excerpt":{"rendered":"<p>Oradea, Strada Corneliu Coposu. Kolejne malowanie tutejszych tramwaj\u00f3w, tym razem nawi\u0105zuj\u0105ce do barw magdeburskich &#8211; sk\u0105d ten\u017ce sk\u0142ad pochodzi &#8211; lecz ci\u0119\u017cko stwierdzi\u0107, czy oryginalne. Schemat na pierwszym wagonie wygl\u0105da troch\u0119 &#8222;nie po niemiecku&#8221;, a zdj\u0119cia na twb wykazuj\u0105 jak\u0105\u015b podmian\u0119 woz\u00f3w pod tym numerem. 2014-06-21<\/p>\n","protected":false},"author":1,"featured_media":9653,"comment_status":"open","ping_status":"","sticky":false,"template":"","format":"standard","meta":{"footnotes":""},"categories":[48,3],"tags":[1108,1109,1110,574,1112,231],"class_list":["post-9652","post","type-post","status-publish","format-standard","has-post-thumbnail","hentry","category-rok-2014","category-tramwaj","tag-2014-06-21","tag-oradea","tag-otl-oradea","tag-rumunia","tag-tatra-t4","tag-wieza-cisnien"],"_links":{"self":[{"href":"https:\/\/wgphoto.pl\/t\/index.php?rest_route=\/wp\/v2\/posts\/9652","targetHints":{"allow":["GET"]}}],"collection":[{"href":"https:\/\/wgphoto.pl\/t\/index.php?rest_route=\/wp\/v2\/posts"}],"about":[{"href":"https:\/\/wgphoto.pl\/t\/index.php?rest_route=\/wp\/v2\/types\/post"}],"author":[{"embeddable":true,"href":"https:\/\/wgphoto.pl\/t\/index.php?rest_route=\/wp\/v2\/users\/1"}],"replies":[{"embeddable":true,"href":"https:\/\/wgphoto.pl\/t\/index.php?rest_route=%2Fwp%2Fv2%2Fcomments&post=9652"}],"version-history":[{"count":1,"href":"https:\/\/wgphoto.pl\/t\/index.php?rest_route=\/wp\/v2\/posts\/9652\/revisions"}],"predecessor-version":[{"id":9654,"href":"https:\/\/wgphoto.pl\/t\/index.php?rest_route=\/wp\/v2\/posts\/9652\/revisions\/9654"}],"wp:featuredmedia":[{"embeddable":true,"href":"https:\/\/wgphoto.pl\/t\/index.php?rest_route=\/wp\/v2\/media\/9653"}],"wp:attachment":[{"href":"https:\/\/wgphoto.pl\/t\/index.php?rest_route=%2Fwp%2Fv2%2Fmedia&parent=9652"}],"wp:term":[{"taxonomy":"category","embeddable":true,"href":"https:\/\/wgphoto.pl\/t\/index.php?rest_route=%2Fwp%2Fv2%2Fcategories&post=9652"},{"taxonomy":"post_tag","embeddable":true,"href":"https:\/\/wgphoto.pl\/t\/index.php?rest_route=%2Fwp%2Fv2%2Ftags&post=9652"}],"curies":[{"name":"wp","href":"https:\/\/api.w.org\/{rel}","templated":true}]}}