{"id":9655,"date":"2025-01-13T18:51:38","date_gmt":"2025-01-13T17:51:38","guid":{"rendered":"https:\/\/wgphoto.pl\/t\/?p=9655"},"modified":"2025-01-13T18:51:38","modified_gmt":"2025-01-13T17:51:38","slug":"bloki","status":"publish","type":"post","link":"https:\/\/wgphoto.pl\/t\/?p=9655","title":{"rendered":"Bloki"},"content":{"rendered":"\n<figure class=\"wp-block-image aligncenter size-full\"><img loading=\"lazy\" decoding=\"async\" width=\"1050\" height=\"700\" src=\"https:\/\/wgphoto.pl\/t\/wp-content\/uploads\/2025\/01\/IMGP6076.jpg\" alt=\"\" class=\"wp-image-9656\" srcset=\"https:\/\/wgphoto.pl\/t\/wp-content\/uploads\/2025\/01\/IMGP6076.jpg 1050w, https:\/\/wgphoto.pl\/t\/wp-content\/uploads\/2025\/01\/IMGP6076-300x200.jpg 300w, https:\/\/wgphoto.pl\/t\/wp-content\/uploads\/2025\/01\/IMGP6076-768x512.jpg 768w\" sizes=\"auto, (max-width: 1050px) 100vw, 1050px\" \/><\/figure>\n\n\n\n<div class=\"wp-block-group has-global-padding is-layout-constrained wp-block-group-is-layout-constrained\">\n<p>Oradea, Strada Corneliu Coposu. Ze sk\u0142adu kolorowych tatr obs\u0142uguj\u0105cych lini\u0119 1N (jad\u0105c\u0105 do p\u0119tli Dienstfahrt \ud83d\ude09 ) wysypa\u0142 si\u0119 pod miejscowym targowiskiem t\u0142umek ludzi. W kadrze podziwia\u0107 mo\u017cna r\u00f3wnie\u017c architektur\u0119 rumu\u0144skich blok\u00f3w. 2014-06-21<\/p>\n<\/div>\n","protected":false},"excerpt":{"rendered":"<p>Oradea, Strada Corneliu Coposu. Ze sk\u0142adu kolorowych tatr obs\u0142uguj\u0105cych lini\u0119 1N (jad\u0105c\u0105 do p\u0119tli Dienstfahrt \ud83d\ude09 ) wysypa\u0142 si\u0119 pod miejscowym targowiskiem t\u0142umek ludzi. W kadrze podziwia\u0107 mo\u017cna r\u00f3wnie\u017c architektur\u0119 rumu\u0144skich blok\u00f3w. 2014-06-21<\/p>\n","protected":false},"author":1,"featured_media":9656,"comment_status":"open","ping_status":"","sticky":false,"template":"","format":"standard","meta":{"footnotes":""},"categories":[48,3],"tags":[1108,1109,1110,574,1112],"class_list":["post-9655","post","type-post","status-publish","format-standard","has-post-thumbnail","hentry","category-rok-2014","category-tramwaj","tag-2014-06-21","tag-oradea","tag-otl-oradea","tag-rumunia","tag-tatra-t4"],"_links":{"self":[{"href":"https:\/\/wgphoto.pl\/t\/index.php?rest_route=\/wp\/v2\/posts\/9655","targetHints":{"allow":["GET"]}}],"collection":[{"href":"https:\/\/wgphoto.pl\/t\/index.php?rest_route=\/wp\/v2\/posts"}],"about":[{"href":"https:\/\/wgphoto.pl\/t\/index.php?rest_route=\/wp\/v2\/types\/post"}],"author":[{"embeddable":true,"href":"https:\/\/wgphoto.pl\/t\/index.php?rest_route=\/wp\/v2\/users\/1"}],"replies":[{"embeddable":true,"href":"https:\/\/wgphoto.pl\/t\/index.php?rest_route=%2Fwp%2Fv2%2Fcomments&post=9655"}],"version-history":[{"count":1,"href":"https:\/\/wgphoto.pl\/t\/index.php?rest_route=\/wp\/v2\/posts\/9655\/revisions"}],"predecessor-version":[{"id":9657,"href":"https:\/\/wgphoto.pl\/t\/index.php?rest_route=\/wp\/v2\/posts\/9655\/revisions\/9657"}],"wp:featuredmedia":[{"embeddable":true,"href":"https:\/\/wgphoto.pl\/t\/index.php?rest_route=\/wp\/v2\/media\/9656"}],"wp:attachment":[{"href":"https:\/\/wgphoto.pl\/t\/index.php?rest_route=%2Fwp%2Fv2%2Fmedia&parent=9655"}],"wp:term":[{"taxonomy":"category","embeddable":true,"href":"https:\/\/wgphoto.pl\/t\/index.php?rest_route=%2Fwp%2Fv2%2Fcategories&post=9655"},{"taxonomy":"post_tag","embeddable":true,"href":"https:\/\/wgphoto.pl\/t\/index.php?rest_route=%2Fwp%2Fv2%2Ftags&post=9655"}],"curies":[{"name":"wp","href":"https:\/\/api.w.org\/{rel}","templated":true}]}}