{"id":9658,"date":"2025-01-13T18:52:58","date_gmt":"2025-01-13T17:52:58","guid":{"rendered":"https:\/\/wgphoto.pl\/t\/?p=9658"},"modified":"2025-01-13T18:52:58","modified_gmt":"2025-01-13T17:52:58","slug":"750-milimetrow","status":"publish","type":"post","link":"https:\/\/wgphoto.pl\/t\/?p=9658","title":{"rendered":"750 milimetr\u00f3w"},"content":{"rendered":"\n<figure class=\"wp-block-image aligncenter size-full\"><img loading=\"lazy\" decoding=\"async\" width=\"600\" height=\"900\" src=\"https:\/\/wgphoto.pl\/t\/wp-content\/uploads\/2025\/01\/IMGP4350.jpg\" alt=\"\" class=\"wp-image-9659\" srcset=\"https:\/\/wgphoto.pl\/t\/wp-content\/uploads\/2025\/01\/IMGP4350.jpg 600w, https:\/\/wgphoto.pl\/t\/wp-content\/uploads\/2025\/01\/IMGP4350-200x300.jpg 200w\" sizes=\"auto, (max-width: 600px) 100vw, 600px\" \/><\/figure>\n\n\n\n<div class=\"wp-block-group has-global-padding is-layout-constrained wp-block-group-is-layout-constrained\">\n<p>MBxd2-222 jako poci\u0105g osobowy ze \u015amigla do Starego Bojanowa W\u0105skotorowego niespiesznie przemierza odcinek pomi\u0119dzy Robaczynem a stacj\u0105 docelow\u0105. 23.06.2010<\/p>\n<\/div>\n","protected":false},"excerpt":{"rendered":"<p>MBxd2-222 jako poci\u0105g osobowy ze \u015amigla do Starego Bojanowa W\u0105skotorowego niespiesznie przemierza odcinek pomi\u0119dzy Robaczynem a stacj\u0105 docelow\u0105. 23.06.2010<\/p>\n","protected":false},"author":1,"featured_media":9659,"comment_status":"open","ping_status":"","sticky":false,"template":"","format":"standard","meta":{"footnotes":""},"categories":[2,128,86],"tags":[2918,2922,27,2919,2920,2921],"class_list":["post-9658","post","type-post","status-publish","format-standard","has-post-thumbnail","hentry","category-kolej","category-pionowe","category-rok-2010","tag-2010-06-23","tag-mbxd2","tag-polska","tag-robaczyn","tag-skd","tag-stare-bojanowo"],"_links":{"self":[{"href":"https:\/\/wgphoto.pl\/t\/index.php?rest_route=\/wp\/v2\/posts\/9658","targetHints":{"allow":["GET"]}}],"collection":[{"href":"https:\/\/wgphoto.pl\/t\/index.php?rest_route=\/wp\/v2\/posts"}],"about":[{"href":"https:\/\/wgphoto.pl\/t\/index.php?rest_route=\/wp\/v2\/types\/post"}],"author":[{"embeddable":true,"href":"https:\/\/wgphoto.pl\/t\/index.php?rest_route=\/wp\/v2\/users\/1"}],"replies":[{"embeddable":true,"href":"https:\/\/wgphoto.pl\/t\/index.php?rest_route=%2Fwp%2Fv2%2Fcomments&post=9658"}],"version-history":[{"count":1,"href":"https:\/\/wgphoto.pl\/t\/index.php?rest_route=\/wp\/v2\/posts\/9658\/revisions"}],"predecessor-version":[{"id":9660,"href":"https:\/\/wgphoto.pl\/t\/index.php?rest_route=\/wp\/v2\/posts\/9658\/revisions\/9660"}],"wp:featuredmedia":[{"embeddable":true,"href":"https:\/\/wgphoto.pl\/t\/index.php?rest_route=\/wp\/v2\/media\/9659"}],"wp:attachment":[{"href":"https:\/\/wgphoto.pl\/t\/index.php?rest_route=%2Fwp%2Fv2%2Fmedia&parent=9658"}],"wp:term":[{"taxonomy":"category","embeddable":true,"href":"https:\/\/wgphoto.pl\/t\/index.php?rest_route=%2Fwp%2Fv2%2Fcategories&post=9658"},{"taxonomy":"post_tag","embeddable":true,"href":"https:\/\/wgphoto.pl\/t\/index.php?rest_route=%2Fwp%2Fv2%2Ftags&post=9658"}],"curies":[{"name":"wp","href":"https:\/\/api.w.org\/{rel}","templated":true}]}}