{"id":9661,"date":"2025-01-13T18:53:55","date_gmt":"2025-01-13T17:53:55","guid":{"rendered":"https:\/\/wgphoto.pl\/t\/?p=9661"},"modified":"2025-01-13T18:53:55","modified_gmt":"2025-01-13T17:53:55","slug":"mbxd2-222-stare-bojanowo","status":"publish","type":"post","link":"https:\/\/wgphoto.pl\/t\/?p=9661","title":{"rendered":"MBxd2-222, Stare Bojanowo"},"content":{"rendered":"\n<figure class=\"wp-block-image aligncenter size-full\"><img loading=\"lazy\" decoding=\"async\" width=\"1050\" height=\"700\" src=\"https:\/\/wgphoto.pl\/t\/wp-content\/uploads\/2025\/01\/IMGP4352.jpg\" alt=\"\" class=\"wp-image-9662\" srcset=\"https:\/\/wgphoto.pl\/t\/wp-content\/uploads\/2025\/01\/IMGP4352.jpg 1050w, https:\/\/wgphoto.pl\/t\/wp-content\/uploads\/2025\/01\/IMGP4352-300x200.jpg 300w, https:\/\/wgphoto.pl\/t\/wp-content\/uploads\/2025\/01\/IMGP4352-768x512.jpg 768w\" sizes=\"auto, (max-width: 1050px) 100vw, 1050px\" \/><\/figure>\n\n\n\n<div class=\"wp-block-group has-global-padding is-layout-constrained wp-block-group-is-layout-constrained\">\n<p>Niedaleko przed Starym Bojanowem motor\u00f3wka mija stado kr\u00f3w oraz wie\u017c\u0119 ko\u015bcio\u0142a pw. \u015aw. Teresy od Dzieci\u0105tka Jezus. 23.06.2010<\/p>\n<\/div>\n","protected":false},"excerpt":{"rendered":"<p>Niedaleko przed Starym Bojanowem motor\u00f3wka mija stado kr\u00f3w oraz wie\u017c\u0119 ko\u015bcio\u0142a pw. \u015aw. Teresy od Dzieci\u0105tka Jezus. 23.06.2010<\/p>\n","protected":false},"author":1,"featured_media":9662,"comment_status":"open","ping_status":"","sticky":false,"template":"","format":"standard","meta":{"footnotes":""},"categories":[2,86],"tags":[2918,2922,27,2920,2921,1555],"class_list":["post-9661","post","type-post","status-publish","format-standard","has-post-thumbnail","hentry","category-kolej","category-rok-2010","tag-2010-06-23","tag-mbxd2","tag-polska","tag-skd","tag-stare-bojanowo","tag-zwierzyna"],"_links":{"self":[{"href":"https:\/\/wgphoto.pl\/t\/index.php?rest_route=\/wp\/v2\/posts\/9661","targetHints":{"allow":["GET"]}}],"collection":[{"href":"https:\/\/wgphoto.pl\/t\/index.php?rest_route=\/wp\/v2\/posts"}],"about":[{"href":"https:\/\/wgphoto.pl\/t\/index.php?rest_route=\/wp\/v2\/types\/post"}],"author":[{"embeddable":true,"href":"https:\/\/wgphoto.pl\/t\/index.php?rest_route=\/wp\/v2\/users\/1"}],"replies":[{"embeddable":true,"href":"https:\/\/wgphoto.pl\/t\/index.php?rest_route=%2Fwp%2Fv2%2Fcomments&post=9661"}],"version-history":[{"count":1,"href":"https:\/\/wgphoto.pl\/t\/index.php?rest_route=\/wp\/v2\/posts\/9661\/revisions"}],"predecessor-version":[{"id":9663,"href":"https:\/\/wgphoto.pl\/t\/index.php?rest_route=\/wp\/v2\/posts\/9661\/revisions\/9663"}],"wp:featuredmedia":[{"embeddable":true,"href":"https:\/\/wgphoto.pl\/t\/index.php?rest_route=\/wp\/v2\/media\/9662"}],"wp:attachment":[{"href":"https:\/\/wgphoto.pl\/t\/index.php?rest_route=%2Fwp%2Fv2%2Fmedia&parent=9661"}],"wp:term":[{"taxonomy":"category","embeddable":true,"href":"https:\/\/wgphoto.pl\/t\/index.php?rest_route=%2Fwp%2Fv2%2Fcategories&post=9661"},{"taxonomy":"post_tag","embeddable":true,"href":"https:\/\/wgphoto.pl\/t\/index.php?rest_route=%2Fwp%2Fv2%2Ftags&post=9661"}],"curies":[{"name":"wp","href":"https:\/\/api.w.org\/{rel}","templated":true}]}}