{"id":9673,"date":"2025-01-13T19:23:14","date_gmt":"2025-01-13T18:23:14","guid":{"rendered":"https:\/\/wgphoto.pl\/t\/?p=9673"},"modified":"2025-01-14T17:18:39","modified_gmt":"2025-01-14T16:18:39","slug":"co-tu-sie-dzieje","status":"publish","type":"post","link":"https:\/\/wgphoto.pl\/t\/?p=9673","title":{"rendered":"Co tu si\u0119 dzieje?"},"content":{"rendered":"\n<figure class=\"wp-block-image aligncenter size-full\"><img loading=\"lazy\" decoding=\"async\" width=\"1400\" height=\"927\" src=\"https:\/\/wgphoto.pl\/t\/wp-content\/uploads\/2025\/01\/IMGP2145.jpg\" alt=\"\" class=\"wp-image-9674\" srcset=\"https:\/\/wgphoto.pl\/t\/wp-content\/uploads\/2025\/01\/IMGP2145.jpg 1400w, https:\/\/wgphoto.pl\/t\/wp-content\/uploads\/2025\/01\/IMGP2145-300x199.jpg 300w, https:\/\/wgphoto.pl\/t\/wp-content\/uploads\/2025\/01\/IMGP2145-768x509.jpg 768w\" sizes=\"auto, (max-width: 1400px) 100vw, 1400px\" \/><\/figure>\n\n\n\n<div class=\"wp-block-group has-global-padding is-layout-constrained wp-block-group-is-layout-constrained\">\n<p>W 2015 roku, fotografuj\u0105c w Aradzie tramwaje, trafi\u0142em na jaki\u015b poci\u0105g w krzakach. R\u00f3wnie\u017c go sfotografowa\u0142em, nie wiedz\u0105c jednak co to, gdzie to i dlaczego ludzie wysiadali w takim miejscu. Dzi\u015b jestem bogatszy o wiedz\u0119, \u017ce pojazdem jest znana ex-francuska Caravelle serii 97 (97.0566 z ty\u0142u) przewo\u017anika Regiotrans (obecnie Regio Calatori). Nieco bardziej znana jest mi r\u00f3wnie\u017c relacja tego poci\u0105gu, Arad &#8211; N\u0103dlac, taka zreszt\u0105 widnieje na kartce za szyb\u0105. Wiem r\u00f3wnie\u017c, \u017ce oko\u0142o 1 km dalej poci\u0105g powinien zatrzyma\u0107 si\u0119 na stacji Arad Vest. Za moimi plecami znajduje si\u0119 skrzy\u017cowanie kolejowo-tramwajowe, przez kt\u00f3ry poci\u0105g powinien przejecha\u0107 (jad\u0105c z dworca &#8222;g\u0142\u00f3wnego&#8221; w Aradzie), ale o ile pami\u0119tam, nie przejecha\u0142. Mo\u017ce wi\u0119c to wyja\u015bnia, dlaczego wysadzi\u0142 pasa\u017cer\u00f3w tutaj, po czym oddali\u0142 si\u0119 tam sk\u0105d przyby\u0142. <\/p>\n\n\n\n<p>Na podstawie dyskusji pod zdj\u0119ciem na fanpage&#8217;u ustalono, \u017ce w tym czasie wi\u0119kszo\u015b\u0107 kurs\u00f3w ko\u0144czy\u0142a bieg na stacji Arad Vest i najprawdopodobniej nieoficjalnie podwo\u017cono pasa\u017cer\u00f3w nieco bli\u017cej cywilizacji &#8211; w\u0142a\u015bnie w to miejsce. Godzina wykonania zdj\u0119cia pasuje do takiego scenariusza, za\u015b nieoficjalne rozwi\u0105zanie problemu mocno pasuje do lokalizacji. 19.08.2015<\/p>\n<\/div>\n","protected":false},"excerpt":{"rendered":"<p>W 2015 roku, fotografuj\u0105c w Aradzie tramwaje, trafi\u0142em na jaki\u015b poci\u0105g w krzakach. R\u00f3wnie\u017c go sfotografowa\u0142em, nie wiedz\u0105c jednak co to, gdzie to i dlaczego ludzie wysiadali w takim miejscu. Dzi\u015b jestem bogatszy o wiedz\u0119, \u017ce pojazdem jest znana ex-francuska Caravelle serii 97 (97.0566 z ty\u0142u) przewo\u017anika Regiotrans (obecnie Regio Calatori). Nieco bardziej znana jest [&hellip;]<\/p>\n","protected":false},"author":1,"featured_media":9674,"comment_status":"open","ping_status":"","sticky":false,"template":"","format":"standard","meta":{"footnotes":""},"categories":[2,104],"tags":[1173,2437,1178,151,2439,574,107],"class_list":["post-9673","post","type-post","status-publish","format-standard","has-post-thumbnail","hentry","category-kolej","category-rok-2015","tag-2015-08-19","tag-97-caravelle","tag-arad","tag-ludzie","tag-regio-calatori","tag-rumunia","tag-wakacje-2015"],"_links":{"self":[{"href":"https:\/\/wgphoto.pl\/t\/index.php?rest_route=\/wp\/v2\/posts\/9673","targetHints":{"allow":["GET"]}}],"collection":[{"href":"https:\/\/wgphoto.pl\/t\/index.php?rest_route=\/wp\/v2\/posts"}],"about":[{"href":"https:\/\/wgphoto.pl\/t\/index.php?rest_route=\/wp\/v2\/types\/post"}],"author":[{"embeddable":true,"href":"https:\/\/wgphoto.pl\/t\/index.php?rest_route=\/wp\/v2\/users\/1"}],"replies":[{"embeddable":true,"href":"https:\/\/wgphoto.pl\/t\/index.php?rest_route=%2Fwp%2Fv2%2Fcomments&post=9673"}],"version-history":[{"count":3,"href":"https:\/\/wgphoto.pl\/t\/index.php?rest_route=\/wp\/v2\/posts\/9673\/revisions"}],"predecessor-version":[{"id":9677,"href":"https:\/\/wgphoto.pl\/t\/index.php?rest_route=\/wp\/v2\/posts\/9673\/revisions\/9677"}],"wp:featuredmedia":[{"embeddable":true,"href":"https:\/\/wgphoto.pl\/t\/index.php?rest_route=\/wp\/v2\/media\/9674"}],"wp:attachment":[{"href":"https:\/\/wgphoto.pl\/t\/index.php?rest_route=%2Fwp%2Fv2%2Fmedia&parent=9673"}],"wp:term":[{"taxonomy":"category","embeddable":true,"href":"https:\/\/wgphoto.pl\/t\/index.php?rest_route=%2Fwp%2Fv2%2Fcategories&post=9673"},{"taxonomy":"post_tag","embeddable":true,"href":"https:\/\/wgphoto.pl\/t\/index.php?rest_route=%2Fwp%2Fv2%2Ftags&post=9673"}],"curies":[{"name":"wp","href":"https:\/\/api.w.org\/{rel}","templated":true}]}}