{"id":9678,"date":"2025-01-14T21:24:57","date_gmt":"2025-01-14T20:24:57","guid":{"rendered":"https:\/\/wgphoto.pl\/t\/?p=9678"},"modified":"2025-01-14T21:24:57","modified_gmt":"2025-01-14T20:24:57","slug":"jamnik-we-wsi-muchobor","status":"publish","type":"post","link":"https:\/\/wgphoto.pl\/t\/?p=9678","title":{"rendered":"Jamnik we wsi Muchob\u00f3r"},"content":{"rendered":"\n<figure class=\"wp-block-image aligncenter size-full\"><img loading=\"lazy\" decoding=\"async\" width=\"1400\" height=\"927\" src=\"https:\/\/wgphoto.pl\/t\/wp-content\/uploads\/2025\/01\/0331-18_rsn.jpg\" alt=\"\" class=\"wp-image-9679\" srcset=\"https:\/\/wgphoto.pl\/t\/wp-content\/uploads\/2025\/01\/0331-18_rsn.jpg 1400w, https:\/\/wgphoto.pl\/t\/wp-content\/uploads\/2025\/01\/0331-18_rsn-300x199.jpg 300w, https:\/\/wgphoto.pl\/t\/wp-content\/uploads\/2025\/01\/0331-18_rsn-768x509.jpg 768w\" sizes=\"auto, (max-width: 1400px) 100vw, 1400px\" \/><\/figure>\n\n\n\n<div class=\"wp-block-group has-global-padding is-layout-constrained wp-block-group-is-layout-constrained\">\n<p>ET41-149 z w\u0119glem, zapewne do wa\u0142brzyskiej koksowni, na szlaku Wroc\u0142aw G\u0105d\u00f3w &#8211; Wroc\u0142aw Zachodni. \u015alad\u00f3w miejsko\u015bci w tym kadrze nie wida\u0107. 22.08.2003<\/p>\n<\/div>\n","protected":false},"excerpt":{"rendered":"<p>ET41-149 z w\u0119glem, zapewne do wa\u0142brzyskiej koksowni, na szlaku Wroc\u0142aw G\u0105d\u00f3w &#8211; Wroc\u0142aw Zachodni. \u015alad\u00f3w miejsko\u015bci w tym kadrze nie wida\u0107. 22.08.2003<\/p>\n","protected":false},"author":1,"featured_media":9679,"comment_status":"open","ping_status":"","sticky":false,"template":"","format":"standard","meta":{"footnotes":""},"categories":[62,2,149],"tags":[2925,259,63,27,41,2041,1623],"class_list":["post-9678","post","type-post","status-publish","format-standard","has-post-thumbnail","hentry","category-analog","category-kolej","category-rok-2003","tag-2003-08-22","tag-et41","tag-pkp","tag-polska","tag-wroclaw","tag-wroclaw-gadow","tag-wroclaw-zachodni"],"_links":{"self":[{"href":"https:\/\/wgphoto.pl\/t\/index.php?rest_route=\/wp\/v2\/posts\/9678","targetHints":{"allow":["GET"]}}],"collection":[{"href":"https:\/\/wgphoto.pl\/t\/index.php?rest_route=\/wp\/v2\/posts"}],"about":[{"href":"https:\/\/wgphoto.pl\/t\/index.php?rest_route=\/wp\/v2\/types\/post"}],"author":[{"embeddable":true,"href":"https:\/\/wgphoto.pl\/t\/index.php?rest_route=\/wp\/v2\/users\/1"}],"replies":[{"embeddable":true,"href":"https:\/\/wgphoto.pl\/t\/index.php?rest_route=%2Fwp%2Fv2%2Fcomments&post=9678"}],"version-history":[{"count":1,"href":"https:\/\/wgphoto.pl\/t\/index.php?rest_route=\/wp\/v2\/posts\/9678\/revisions"}],"predecessor-version":[{"id":9680,"href":"https:\/\/wgphoto.pl\/t\/index.php?rest_route=\/wp\/v2\/posts\/9678\/revisions\/9680"}],"wp:featuredmedia":[{"embeddable":true,"href":"https:\/\/wgphoto.pl\/t\/index.php?rest_route=\/wp\/v2\/media\/9679"}],"wp:attachment":[{"href":"https:\/\/wgphoto.pl\/t\/index.php?rest_route=%2Fwp%2Fv2%2Fmedia&parent=9678"}],"wp:term":[{"taxonomy":"category","embeddable":true,"href":"https:\/\/wgphoto.pl\/t\/index.php?rest_route=%2Fwp%2Fv2%2Fcategories&post=9678"},{"taxonomy":"post_tag","embeddable":true,"href":"https:\/\/wgphoto.pl\/t\/index.php?rest_route=%2Fwp%2Fv2%2Ftags&post=9678"}],"curies":[{"name":"wp","href":"https:\/\/api.w.org\/{rel}","templated":true}]}}