{"id":9693,"date":"2025-01-14T21:55:01","date_gmt":"2025-01-14T20:55:01","guid":{"rendered":"https:\/\/wgphoto.pl\/t\/?p=9693"},"modified":"2025-01-14T21:55:01","modified_gmt":"2025-01-14T20:55:01","slug":"rozjazd-nakladkowy-w-gdansku","status":"publish","type":"post","link":"https:\/\/wgphoto.pl\/t\/?p=9693","title":{"rendered":"Rozjazd nak\u0142adkowy w Gda\u0144sku"},"content":{"rendered":"\n<figure class=\"wp-block-image aligncenter size-full\"><img loading=\"lazy\" decoding=\"async\" width=\"1050\" height=\"700\" src=\"https:\/\/wgphoto.pl\/t\/wp-content\/uploads\/2025\/01\/IMGP9754.jpg\" alt=\"\" class=\"wp-image-9694\" srcset=\"https:\/\/wgphoto.pl\/t\/wp-content\/uploads\/2025\/01\/IMGP9754.jpg 1050w, https:\/\/wgphoto.pl\/t\/wp-content\/uploads\/2025\/01\/IMGP9754-300x200.jpg 300w, https:\/\/wgphoto.pl\/t\/wp-content\/uploads\/2025\/01\/IMGP9754-768x512.jpg 768w\" sizes=\"auto, (max-width: 1050px) 100vw, 1050px\" \/><\/figure>\n\n\n\n<div class=\"wp-block-group has-global-padding is-layout-constrained wp-block-group-is-layout-constrained\">\n<p>Gda\u0144sk, ul. Kartuska. W zwi\u0105zku z przebudow\u0105 p\u0119tli Siedlce utworzono tymczasowy, \u015blepy kraniec Siedlce &#8211; Skrajna, u\u017cywaj\u0105c do tego celu rozjazdu nak\u0142adkowego. Na szcz\u0119\u015bcie gda\u0144ski przewo\u017anik posiada spory zapas tramwaj\u00f3w dwukierunkowych. 10.02.2015<\/p>\n<\/div>\n","protected":false},"excerpt":{"rendered":"<p>Gda\u0144sk, ul. Kartuska. W zwi\u0105zku z przebudow\u0105 p\u0119tli Siedlce utworzono tymczasowy, \u015blepy kraniec Siedlce &#8211; Skrajna, u\u017cywaj\u0105c do tego celu rozjazdu nak\u0142adkowego. Na szcz\u0119\u015bcie gda\u0144ski przewo\u017anik posiada spory zapas tramwaj\u00f3w dwukierunkowych. 10.02.2015<\/p>\n","protected":false},"author":1,"featured_media":9694,"comment_status":"open","ping_status":"","sticky":false,"template":"","format":"standard","meta":{"footnotes":""},"categories":[104,3],"tags":[2668,985,907,230,154,27,480],"class_list":["post-9693","post","type-post","status-publish","format-standard","has-post-thumbnail","hentry","category-rok-2015","category-tramwaj","tag-2015-02-10","tag-duewag-nx-mx","tag-gdansk","tag-infrastruktura","tag-noc","tag-polska","tag-zkm-gdansk"],"_links":{"self":[{"href":"https:\/\/wgphoto.pl\/t\/index.php?rest_route=\/wp\/v2\/posts\/9693","targetHints":{"allow":["GET"]}}],"collection":[{"href":"https:\/\/wgphoto.pl\/t\/index.php?rest_route=\/wp\/v2\/posts"}],"about":[{"href":"https:\/\/wgphoto.pl\/t\/index.php?rest_route=\/wp\/v2\/types\/post"}],"author":[{"embeddable":true,"href":"https:\/\/wgphoto.pl\/t\/index.php?rest_route=\/wp\/v2\/users\/1"}],"replies":[{"embeddable":true,"href":"https:\/\/wgphoto.pl\/t\/index.php?rest_route=%2Fwp%2Fv2%2Fcomments&post=9693"}],"version-history":[{"count":1,"href":"https:\/\/wgphoto.pl\/t\/index.php?rest_route=\/wp\/v2\/posts\/9693\/revisions"}],"predecessor-version":[{"id":9695,"href":"https:\/\/wgphoto.pl\/t\/index.php?rest_route=\/wp\/v2\/posts\/9693\/revisions\/9695"}],"wp:featuredmedia":[{"embeddable":true,"href":"https:\/\/wgphoto.pl\/t\/index.php?rest_route=\/wp\/v2\/media\/9694"}],"wp:attachment":[{"href":"https:\/\/wgphoto.pl\/t\/index.php?rest_route=%2Fwp%2Fv2%2Fmedia&parent=9693"}],"wp:term":[{"taxonomy":"category","embeddable":true,"href":"https:\/\/wgphoto.pl\/t\/index.php?rest_route=%2Fwp%2Fv2%2Fcategories&post=9693"},{"taxonomy":"post_tag","embeddable":true,"href":"https:\/\/wgphoto.pl\/t\/index.php?rest_route=%2Fwp%2Fv2%2Ftags&post=9693"}],"curies":[{"name":"wp","href":"https:\/\/api.w.org\/{rel}","templated":true}]}}