{"id":9696,"date":"2025-01-14T21:56:19","date_gmt":"2025-01-14T20:56:19","guid":{"rendered":"https:\/\/wgphoto.pl\/t\/?p=9696"},"modified":"2025-01-14T21:56:19","modified_gmt":"2025-01-14T20:56:19","slug":"nowy-tramwaj-i-morze","status":"publish","type":"post","link":"https:\/\/wgphoto.pl\/t\/?p=9696","title":{"rendered":"Nowy tramwaj i morze"},"content":{"rendered":"\n<figure class=\"wp-block-image aligncenter size-full\"><img loading=\"lazy\" decoding=\"async\" width=\"1050\" height=\"700\" src=\"https:\/\/wgphoto.pl\/t\/wp-content\/uploads\/2025\/01\/IMGP9732-1.jpg\" alt=\"\" class=\"wp-image-9697\" srcset=\"https:\/\/wgphoto.pl\/t\/wp-content\/uploads\/2025\/01\/IMGP9732-1.jpg 1050w, https:\/\/wgphoto.pl\/t\/wp-content\/uploads\/2025\/01\/IMGP9732-1-300x200.jpg 300w, https:\/\/wgphoto.pl\/t\/wp-content\/uploads\/2025\/01\/IMGP9732-1-768x512.jpg 768w\" sizes=\"auto, (max-width: 1050px) 100vw, 1050px\" \/><\/figure>\n\n\n\n<div class=\"wp-block-group has-global-padding is-layout-constrained wp-block-group-is-layout-constrained\">\n<p>Gda\u0144sk, B\u0142\u0119dnik. Nad p\u00f3\u0142nocn\u0105 g\u0142owic\u0105 Gda\u0144ska G\u0142\u00f3wnego przeje\u017cd\u017ca jeden z czterech gda\u0144skich alstom\u00f3w, a w tle dostrzec mo\u017cna Ba\u0142tyk. Wagony typu NGd99 zakupiono w latach 1999-2000. Mimo \u017ce par\u0119 lat ju\u017c maj\u0105, zaliczy\u0142bym je mimo wszystko do tramwaj\u00f3w nowych. To chyba znak, \u017ce sam jestem raczej w wieku archaicznych stopi\u0105tek. \ud83d\ude09 10.02.2015<\/p>\n<\/div>\n","protected":false},"excerpt":{"rendered":"<p>Gda\u0144sk, B\u0142\u0119dnik. Nad p\u00f3\u0142nocn\u0105 g\u0142owic\u0105 Gda\u0144ska G\u0142\u00f3wnego przeje\u017cd\u017ca jeden z czterech gda\u0144skich alstom\u00f3w, a w tle dostrzec mo\u017cna Ba\u0142tyk. Wagony typu NGd99 zakupiono w latach 1999-2000. Mimo \u017ce par\u0119 lat ju\u017c maj\u0105, zaliczy\u0142bym je mimo wszystko do tramwaj\u00f3w nowych. To chyba znak, \u017ce sam jestem raczej w wieku archaicznych stopi\u0105tek. \ud83d\ude09 10.02.2015<\/p>\n","protected":false},"author":1,"featured_media":9697,"comment_status":"open","ping_status":"","sticky":false,"template":"","format":"standard","meta":{"footnotes":""},"categories":[104,3],"tags":[2668,1621,907,113,116,2926,27,480],"class_list":["post-9696","post","type-post","status-publish","format-standard","has-post-thumbnail","hentry","category-rok-2015","category-tramwaj","tag-2015-02-10","tag-alstom-citadis100","tag-gdansk","tag-landszaft","tag-morze","tag-ngd99","tag-polska","tag-zkm-gdansk"],"_links":{"self":[{"href":"https:\/\/wgphoto.pl\/t\/index.php?rest_route=\/wp\/v2\/posts\/9696","targetHints":{"allow":["GET"]}}],"collection":[{"href":"https:\/\/wgphoto.pl\/t\/index.php?rest_route=\/wp\/v2\/posts"}],"about":[{"href":"https:\/\/wgphoto.pl\/t\/index.php?rest_route=\/wp\/v2\/types\/post"}],"author":[{"embeddable":true,"href":"https:\/\/wgphoto.pl\/t\/index.php?rest_route=\/wp\/v2\/users\/1"}],"replies":[{"embeddable":true,"href":"https:\/\/wgphoto.pl\/t\/index.php?rest_route=%2Fwp%2Fv2%2Fcomments&post=9696"}],"version-history":[{"count":1,"href":"https:\/\/wgphoto.pl\/t\/index.php?rest_route=\/wp\/v2\/posts\/9696\/revisions"}],"predecessor-version":[{"id":9698,"href":"https:\/\/wgphoto.pl\/t\/index.php?rest_route=\/wp\/v2\/posts\/9696\/revisions\/9698"}],"wp:featuredmedia":[{"embeddable":true,"href":"https:\/\/wgphoto.pl\/t\/index.php?rest_route=\/wp\/v2\/media\/9697"}],"wp:attachment":[{"href":"https:\/\/wgphoto.pl\/t\/index.php?rest_route=%2Fwp%2Fv2%2Fmedia&parent=9696"}],"wp:term":[{"taxonomy":"category","embeddable":true,"href":"https:\/\/wgphoto.pl\/t\/index.php?rest_route=%2Fwp%2Fv2%2Fcategories&post=9696"},{"taxonomy":"post_tag","embeddable":true,"href":"https:\/\/wgphoto.pl\/t\/index.php?rest_route=%2Fwp%2Fv2%2Ftags&post=9696"}],"curies":[{"name":"wp","href":"https:\/\/api.w.org\/{rel}","templated":true}]}}