{"id":9699,"date":"2025-01-14T21:57:28","date_gmt":"2025-01-14T20:57:28","guid":{"rendered":"https:\/\/wgphoto.pl\/t\/?p=9699"},"modified":"2025-01-14T21:57:28","modified_gmt":"2025-01-14T20:57:28","slug":"ngt6-2-nr-1007","status":"publish","type":"post","link":"https:\/\/wgphoto.pl\/t\/?p=9699","title":{"rendered":"NGT6-2 nr 1007"},"content":{"rendered":"\n<figure class=\"wp-block-image aligncenter size-full\"><img loading=\"lazy\" decoding=\"async\" width=\"1300\" height=\"861\" src=\"https:\/\/wgphoto.pl\/t\/wp-content\/uploads\/2025\/01\/IMGP9875.jpg\" alt=\"\" class=\"wp-image-9700\" srcset=\"https:\/\/wgphoto.pl\/t\/wp-content\/uploads\/2025\/01\/IMGP9875.jpg 1300w, https:\/\/wgphoto.pl\/t\/wp-content\/uploads\/2025\/01\/IMGP9875-300x199.jpg 300w, https:\/\/wgphoto.pl\/t\/wp-content\/uploads\/2025\/01\/IMGP9875-768x509.jpg 768w\" sizes=\"auto, (max-width: 1300px) 100vw, 1300px\" \/><\/figure>\n\n\n\n<div class=\"wp-block-group has-global-padding is-layout-constrained wp-block-group-is-layout-constrained\">\n<p>Gda\u0144sk, al. Armii Krajowej. Bombardier pomyka tras\u0105 na Che\u0142m, na zwyczajowej ostatnimi czasy dla siebie linii nr 11. W 2007 roku zakupiono trzy takie pojazdy do obs\u0142ugi tej w\u0142a\u015bnie trasy, kt\u00f3ra charakteryzuje si\u0119 do\u015b\u0107 trudnym profilem (pochylenia pod\u0142u\u017cne do 50\u2030, chocia\u017c w miejscu wykonania zdj\u0119cia jest tylko oko\u0142o 30\u2030 d\u0142ugiego podjazdu) i z tego powodu wyroby tramwajopodobne typu 105Na maj\u0105 tam zakaz wjazdu. W chwili otwarcia pierwszego odcinka trasy w 2007 roku gda\u0144ski przewo\u017anik dysponowa\u0142 jedynie siedmioma wagonami, kt\u00f3re mog\u0142y tu wjecha\u0107 (cztery Alstomy i trzy Bombardiery). Obecnie wspomaga je \u0142\u0105cznie kilkadziesi\u0105t kolejnych pojazd\u00f3w o rozruchu impulsowym. 2015-02-11<\/p>\n<\/div>\n","protected":false},"excerpt":{"rendered":"<p>Gda\u0144sk, al. Armii Krajowej. Bombardier pomyka tras\u0105 na Che\u0142m, na zwyczajowej ostatnimi czasy dla siebie linii nr 11. W 2007 roku zakupiono trzy takie pojazdy do obs\u0142ugi tej w\u0142a\u015bnie trasy, kt\u00f3ra charakteryzuje si\u0119 do\u015b\u0107 trudnym profilem (pochylenia pod\u0142u\u017cne do 50\u2030, chocia\u017c w miejscu wykonania zdj\u0119cia jest tylko oko\u0142o 30\u2030 d\u0142ugiego podjazdu) i z tego powodu [&hellip;]<\/p>\n","protected":false},"author":1,"featured_media":9700,"comment_status":"open","ping_status":"","sticky":false,"template":"","format":"standard","meta":{"footnotes":""},"categories":[104,3],"tags":[2927,1126,907,303,113,27,480],"class_list":["post-9699","post","type-post","status-publish","format-standard","has-post-thumbnail","hentry","category-rok-2015","category-tramwaj","tag-2015-02-11","tag-bombardier-flexity-classic","tag-gdansk","tag-industrial","tag-landszaft","tag-polska","tag-zkm-gdansk"],"_links":{"self":[{"href":"https:\/\/wgphoto.pl\/t\/index.php?rest_route=\/wp\/v2\/posts\/9699","targetHints":{"allow":["GET"]}}],"collection":[{"href":"https:\/\/wgphoto.pl\/t\/index.php?rest_route=\/wp\/v2\/posts"}],"about":[{"href":"https:\/\/wgphoto.pl\/t\/index.php?rest_route=\/wp\/v2\/types\/post"}],"author":[{"embeddable":true,"href":"https:\/\/wgphoto.pl\/t\/index.php?rest_route=\/wp\/v2\/users\/1"}],"replies":[{"embeddable":true,"href":"https:\/\/wgphoto.pl\/t\/index.php?rest_route=%2Fwp%2Fv2%2Fcomments&post=9699"}],"version-history":[{"count":1,"href":"https:\/\/wgphoto.pl\/t\/index.php?rest_route=\/wp\/v2\/posts\/9699\/revisions"}],"predecessor-version":[{"id":9701,"href":"https:\/\/wgphoto.pl\/t\/index.php?rest_route=\/wp\/v2\/posts\/9699\/revisions\/9701"}],"wp:featuredmedia":[{"embeddable":true,"href":"https:\/\/wgphoto.pl\/t\/index.php?rest_route=\/wp\/v2\/media\/9700"}],"wp:attachment":[{"href":"https:\/\/wgphoto.pl\/t\/index.php?rest_route=%2Fwp%2Fv2%2Fmedia&parent=9699"}],"wp:term":[{"taxonomy":"category","embeddable":true,"href":"https:\/\/wgphoto.pl\/t\/index.php?rest_route=%2Fwp%2Fv2%2Fcategories&post=9699"},{"taxonomy":"post_tag","embeddable":true,"href":"https:\/\/wgphoto.pl\/t\/index.php?rest_route=%2Fwp%2Fv2%2Ftags&post=9699"}],"curies":[{"name":"wp","href":"https:\/\/api.w.org\/{rel}","templated":true}]}}