{"id":9705,"date":"2025-01-14T21:59:41","date_gmt":"2025-01-14T20:59:41","guid":{"rendered":"https:\/\/wgphoto.pl\/t\/?p=9705"},"modified":"2025-01-14T21:59:41","modified_gmt":"2025-01-14T20:59:41","slug":"n8c-nf-nr-1140","status":"publish","type":"post","link":"https:\/\/wgphoto.pl\/t\/?p=9705","title":{"rendered":"N8C-NF nr 1140"},"content":{"rendered":"\n<figure class=\"wp-block-image aligncenter size-full\"><img loading=\"lazy\" decoding=\"async\" width=\"1050\" height=\"700\" src=\"https:\/\/wgphoto.pl\/t\/wp-content\/uploads\/2025\/01\/IMGP9524.jpg\" alt=\"\" class=\"wp-image-9706\" srcset=\"https:\/\/wgphoto.pl\/t\/wp-content\/uploads\/2025\/01\/IMGP9524.jpg 1050w, https:\/\/wgphoto.pl\/t\/wp-content\/uploads\/2025\/01\/IMGP9524-300x200.jpg 300w, https:\/\/wgphoto.pl\/t\/wp-content\/uploads\/2025\/01\/IMGP9524-768x512.jpg 768w\" sizes=\"auto, (max-width: 1050px) 100vw, 1050px\" \/><\/figure>\n\n\n\n<div class=\"wp-block-group has-global-padding is-layout-constrained wp-block-group-is-layout-constrained\">\n<p>Gda\u0144sk, al. Armii Krajowej. Trzecie i ostatnie uj\u0119cie z tego miejsca, tym razem z tramwajem starszej, niemieckiej konstrukcji, wzbogaconym w podpozna\u0144skim Modertransie o niskopod\u0142ogow\u0105 wstawk\u0119 (standard taki reprezentuje ca\u0142a 46-stka gda\u0144skich dortmund\u00f3w). 01.03.2011<\/p>\n<\/div>\n","protected":false},"excerpt":{"rendered":"<p>Gda\u0144sk, al. Armii Krajowej. Trzecie i ostatnie uj\u0119cie z tego miejsca, tym razem z tramwajem starszej, niemieckiej konstrukcji, wzbogaconym w podpozna\u0144skim Modertransie o niskopod\u0142ogow\u0105 wstawk\u0119 (standard taki reprezentuje ca\u0142a 46-stka gda\u0144skich dortmund\u00f3w). 01.03.2011<\/p>\n","protected":false},"author":1,"featured_media":9706,"comment_status":"open","ping_status":"","sticky":false,"template":"","format":"standard","meta":{"footnotes":""},"categories":[77,3],"tags":[2607,985,907,27,480],"class_list":["post-9705","post","type-post","status-publish","format-standard","has-post-thumbnail","hentry","category-rok-2011","category-tramwaj","tag-2011-03-01","tag-duewag-nx-mx","tag-gdansk","tag-polska","tag-zkm-gdansk"],"_links":{"self":[{"href":"https:\/\/wgphoto.pl\/t\/index.php?rest_route=\/wp\/v2\/posts\/9705","targetHints":{"allow":["GET"]}}],"collection":[{"href":"https:\/\/wgphoto.pl\/t\/index.php?rest_route=\/wp\/v2\/posts"}],"about":[{"href":"https:\/\/wgphoto.pl\/t\/index.php?rest_route=\/wp\/v2\/types\/post"}],"author":[{"embeddable":true,"href":"https:\/\/wgphoto.pl\/t\/index.php?rest_route=\/wp\/v2\/users\/1"}],"replies":[{"embeddable":true,"href":"https:\/\/wgphoto.pl\/t\/index.php?rest_route=%2Fwp%2Fv2%2Fcomments&post=9705"}],"version-history":[{"count":1,"href":"https:\/\/wgphoto.pl\/t\/index.php?rest_route=\/wp\/v2\/posts\/9705\/revisions"}],"predecessor-version":[{"id":9707,"href":"https:\/\/wgphoto.pl\/t\/index.php?rest_route=\/wp\/v2\/posts\/9705\/revisions\/9707"}],"wp:featuredmedia":[{"embeddable":true,"href":"https:\/\/wgphoto.pl\/t\/index.php?rest_route=\/wp\/v2\/media\/9706"}],"wp:attachment":[{"href":"https:\/\/wgphoto.pl\/t\/index.php?rest_route=%2Fwp%2Fv2%2Fmedia&parent=9705"}],"wp:term":[{"taxonomy":"category","embeddable":true,"href":"https:\/\/wgphoto.pl\/t\/index.php?rest_route=%2Fwp%2Fv2%2Fcategories&post=9705"},{"taxonomy":"post_tag","embeddable":true,"href":"https:\/\/wgphoto.pl\/t\/index.php?rest_route=%2Fwp%2Fv2%2Ftags&post=9705"}],"curies":[{"name":"wp","href":"https:\/\/api.w.org\/{rel}","templated":true}]}}