{"id":9708,"date":"2025-01-14T22:00:43","date_gmt":"2025-01-14T21:00:43","guid":{"rendered":"https:\/\/wgphoto.pl\/t\/?p=9708"},"modified":"2025-01-14T22:00:43","modified_gmt":"2025-01-14T21:00:43","slug":"114na-nr-1502","status":"publish","type":"post","link":"https:\/\/wgphoto.pl\/t\/?p=9708","title":{"rendered":"114Na nr 1502"},"content":{"rendered":"\n<figure class=\"wp-block-image aligncenter size-full\"><img loading=\"lazy\" decoding=\"async\" width=\"1200\" height=\"795\" src=\"https:\/\/wgphoto.pl\/t\/wp-content\/uploads\/2025\/01\/IMGP9716.jpg\" alt=\"\" class=\"wp-image-9709\" srcset=\"https:\/\/wgphoto.pl\/t\/wp-content\/uploads\/2025\/01\/IMGP9716.jpg 1200w, https:\/\/wgphoto.pl\/t\/wp-content\/uploads\/2025\/01\/IMGP9716-300x199.jpg 300w, https:\/\/wgphoto.pl\/t\/wp-content\/uploads\/2025\/01\/IMGP9716-768x509.jpg 768w\" sizes=\"auto, (max-width: 1200px) 100vw, 1200px\" \/><\/figure>\n\n\n\n<div class=\"wp-block-group has-global-padding is-layout-constrained wp-block-group-is-layout-constrained\">\n<p>Gda\u0144sk, ul. Oliwska. W prezentacji taboru tramwajowego ZKM Gda\u0144sk nie mo\u017ce zabrakn\u0105\u0107 wagonu 114Na. Wyprodukowano jedynie dwa egzemplarze tego typu. Oba kursuj\u0105 w Gda\u0144sku, lecz jeden z nich poddano modernizacji po\u0142\u0105czonej z do\u015b\u0107 nieudanym &#8222;faceliftingiem&#8221;. Ten ze zdj\u0119cia prezentuje natomiast wygl\u0105d niemal fabryczny. 10.02.2015<\/p>\n<\/div>\n","protected":false},"excerpt":{"rendered":"<p>Gda\u0144sk, ul. Oliwska. W prezentacji taboru tramwajowego ZKM Gda\u0144sk nie mo\u017ce zabrakn\u0105\u0107 wagonu 114Na. Wyprodukowano jedynie dwa egzemplarze tego typu. Oba kursuj\u0105 w Gda\u0144sku, lecz jeden z nich poddano modernizacji po\u0142\u0105czonej z do\u015b\u0107 nieudanym &#8222;faceliftingiem&#8221;. Ten ze zdj\u0119cia prezentuje natomiast wygl\u0105d niemal fabryczny. 10.02.2015<\/p>\n","protected":false},"author":1,"featured_media":9709,"comment_status":"open","ping_status":"","sticky":false,"template":"","format":"standard","meta":{"footnotes":""},"categories":[104,3],"tags":[2668,907,2928,118,27,480],"class_list":["post-9708","post","type-post","status-publish","format-standard","has-post-thumbnail","hentry","category-rok-2015","category-tramwaj","tag-2015-02-10","tag-gdansk","tag-konstal-114na","tag-plany-i-profile","tag-polska","tag-zkm-gdansk"],"_links":{"self":[{"href":"https:\/\/wgphoto.pl\/t\/index.php?rest_route=\/wp\/v2\/posts\/9708","targetHints":{"allow":["GET"]}}],"collection":[{"href":"https:\/\/wgphoto.pl\/t\/index.php?rest_route=\/wp\/v2\/posts"}],"about":[{"href":"https:\/\/wgphoto.pl\/t\/index.php?rest_route=\/wp\/v2\/types\/post"}],"author":[{"embeddable":true,"href":"https:\/\/wgphoto.pl\/t\/index.php?rest_route=\/wp\/v2\/users\/1"}],"replies":[{"embeddable":true,"href":"https:\/\/wgphoto.pl\/t\/index.php?rest_route=%2Fwp%2Fv2%2Fcomments&post=9708"}],"version-history":[{"count":1,"href":"https:\/\/wgphoto.pl\/t\/index.php?rest_route=\/wp\/v2\/posts\/9708\/revisions"}],"predecessor-version":[{"id":9710,"href":"https:\/\/wgphoto.pl\/t\/index.php?rest_route=\/wp\/v2\/posts\/9708\/revisions\/9710"}],"wp:featuredmedia":[{"embeddable":true,"href":"https:\/\/wgphoto.pl\/t\/index.php?rest_route=\/wp\/v2\/media\/9709"}],"wp:attachment":[{"href":"https:\/\/wgphoto.pl\/t\/index.php?rest_route=%2Fwp%2Fv2%2Fmedia&parent=9708"}],"wp:term":[{"taxonomy":"category","embeddable":true,"href":"https:\/\/wgphoto.pl\/t\/index.php?rest_route=%2Fwp%2Fv2%2Fcategories&post=9708"},{"taxonomy":"post_tag","embeddable":true,"href":"https:\/\/wgphoto.pl\/t\/index.php?rest_route=%2Fwp%2Fv2%2Ftags&post=9708"}],"curies":[{"name":"wp","href":"https:\/\/api.w.org\/{rel}","templated":true}]}}