{"id":9741,"date":"2025-01-14T22:13:12","date_gmt":"2025-01-14T21:13:12","guid":{"rendered":"https:\/\/wgphoto.pl\/t\/?p=9741"},"modified":"2025-01-14T22:13:12","modified_gmt":"2025-01-14T21:13:12","slug":"czarnowasy-pochmurne","status":"publish","type":"post","link":"https:\/\/wgphoto.pl\/t\/?p=9741","title":{"rendered":"Czarnow\u0105sy pochmurne"},"content":{"rendered":"\n<figure class=\"wp-block-image aligncenter size-full\"><img loading=\"lazy\" decoding=\"async\" width=\"1050\" height=\"700\" src=\"https:\/\/wgphoto.pl\/t\/wp-content\/uploads\/2025\/01\/IMGP4671.jpg\" alt=\"\" class=\"wp-image-9742\" srcset=\"https:\/\/wgphoto.pl\/t\/wp-content\/uploads\/2025\/01\/IMGP4671.jpg 1050w, https:\/\/wgphoto.pl\/t\/wp-content\/uploads\/2025\/01\/IMGP4671-300x200.jpg 300w, https:\/\/wgphoto.pl\/t\/wp-content\/uploads\/2025\/01\/IMGP4671-768x512.jpg 768w\" sizes=\"auto, (max-width: 1050px) 100vw, 1050px\" \/><\/figure>\n\n\n\n<div class=\"wp-block-group has-global-padding is-layout-constrained wp-block-group-is-layout-constrained\">\n<p>Jedyny w dobie poci\u0105g pasa\u017cerski z Opola G\u0142\u00f3wnego do Jelcza-Laskowic zatrzymuje si\u0119 na \u015bwie\u017co wyremontowanej stacji w Czarnow\u0105sach. Niesamowite, \u017ce PLK porafi zbudowa\u0107 doj\u015bcie na peron na wprost wyj\u015bcia ze stacji &#8222;na miasto&#8221;. 2014-05-15<\/p>\n<\/div>\n","protected":false},"excerpt":{"rendered":"<p>Jedyny w dobie poci\u0105g pasa\u017cerski z Opola G\u0142\u00f3wnego do Jelcza-Laskowic zatrzymuje si\u0119 na \u015bwie\u017co wyremontowanej stacji w Czarnow\u0105sach. Niesamowite, \u017ce PLK porafi zbudowa\u0107 doj\u015bcie na peron na wprost wyj\u015bcia ze stacji &#8222;na miasto&#8221;. 2014-05-15<\/p>\n","protected":false},"author":1,"featured_media":9742,"comment_status":"open","ping_status":"","sticky":false,"template":"","format":"standard","meta":{"footnotes":""},"categories":[2,48],"tags":[2932,2180,132,63,27,2179],"class_list":["post-9741","post","type-post","status-publish","format-standard","has-post-thumbnail","hentry","category-kolej","category-rok-2014","tag-2014-05-15","tag-czarnowasy","tag-en57","tag-pkp","tag-polska","tag-tab-pl215"],"_links":{"self":[{"href":"https:\/\/wgphoto.pl\/t\/index.php?rest_route=\/wp\/v2\/posts\/9741","targetHints":{"allow":["GET"]}}],"collection":[{"href":"https:\/\/wgphoto.pl\/t\/index.php?rest_route=\/wp\/v2\/posts"}],"about":[{"href":"https:\/\/wgphoto.pl\/t\/index.php?rest_route=\/wp\/v2\/types\/post"}],"author":[{"embeddable":true,"href":"https:\/\/wgphoto.pl\/t\/index.php?rest_route=\/wp\/v2\/users\/1"}],"replies":[{"embeddable":true,"href":"https:\/\/wgphoto.pl\/t\/index.php?rest_route=%2Fwp%2Fv2%2Fcomments&post=9741"}],"version-history":[{"count":1,"href":"https:\/\/wgphoto.pl\/t\/index.php?rest_route=\/wp\/v2\/posts\/9741\/revisions"}],"predecessor-version":[{"id":9743,"href":"https:\/\/wgphoto.pl\/t\/index.php?rest_route=\/wp\/v2\/posts\/9741\/revisions\/9743"}],"wp:featuredmedia":[{"embeddable":true,"href":"https:\/\/wgphoto.pl\/t\/index.php?rest_route=\/wp\/v2\/media\/9742"}],"wp:attachment":[{"href":"https:\/\/wgphoto.pl\/t\/index.php?rest_route=%2Fwp%2Fv2%2Fmedia&parent=9741"}],"wp:term":[{"taxonomy":"category","embeddable":true,"href":"https:\/\/wgphoto.pl\/t\/index.php?rest_route=%2Fwp%2Fv2%2Fcategories&post=9741"},{"taxonomy":"post_tag","embeddable":true,"href":"https:\/\/wgphoto.pl\/t\/index.php?rest_route=%2Fwp%2Fv2%2Ftags&post=9741"}],"curies":[{"name":"wp","href":"https:\/\/api.w.org\/{rel}","templated":true}]}}